{"id":16477,"date":"2024-12-02T09:30:56","date_gmt":"2024-12-02T09:30:56","guid":{"rendered":"https:\/\/fortidelrourell.es\/?p=16477"},"modified":"2024-12-09T08:12:50","modified_gmt":"2024-12-09T08:12:50","slug":"el-casament-de-julio-i-alicia-un-somni-fet-realitat","status":"publish","type":"post","link":"https:\/\/fortidelrourell.es\/ca\/el-casament-de-julio-i-alicia-un-somni-fet-realitat\/","title":{"rendered":"El Casament d&#8217;en Julio i l&#8217;Al\u00edcia: Un Somni Fet Realitat"},"content":{"rendered":"<p>[et_pb_section fb_built=\u00bb1&#8243; custom_padding_last_edited=\u00bboff|desktop\u00bb admin_label=\u00bbHero\u00bb _builder_version=\u00bb4.27.4&#8243; use_background_color_gradient=\u00bbon\u00bb background_color_gradient_direction=\u00bb166deg\u00bb background_color_gradient_stops=\u00bbrgba(0,0,0,0.79) 14%|rgba(255,255,255,0.52) 100%\u00bb background_color_gradient_overlays_image=\u00bbon\u00bb background_color_gradient_start=\u00bbrgba(0,0,0,0.79)\u00bb background_color_gradient_start_position=\u00bb16%\u00bb background_color_gradient_end=\u00bbrgba(255,255,255,0.52)\u00bb background_image=\u00bbhttps:\/\/fortidelrourell.es\/wp-content\/uploads\/2024\/12\/ADELANTO_00028_11zon-scaled.webp\u00bb background_enable_video_mp4=\u00bboff\u00bb custom_padding=\u00bb10%||10%|\u00bb global_colors_info=\u00bb{}\u00bb][et_pb_row _builder_version=\u00bb4.16&#8243; background_size=\u00bbinitial\u00bb background_position=\u00bbtop_left\u00bb background_repeat=\u00bbrepeat\u00bb custom_margin=\u00bb|||\u00bb global_colors_info=\u00bb{}\u00bb][et_pb_column type=\u00bb4_4&#8243; _builder_version=\u00bb4.16&#8243; custom_padding=\u00bb|||\u00bb global_colors_info=\u00bb{}\u00bb custom_padding__hover=\u00bb|||\u00bb][et_pb_text admin_label=\u00bbTitle\u00bb _builder_version=\u00bb4.27.4&#8243; text_font=\u00bb||||||||\u00bb header_font=\u00bbEB Garamond|700|||||||\u00bb header_font_size=\u00bb64px\u00bb header_2_font=\u00bb&#8211;et_global_heading_font|700|||||||\u00bb header_2_font_size=\u00bb64px\u00bb background_layout=\u00bbdark\u00bb max_width=\u00bb600px\u00bb animation_style=\u00bbfade\u00bb animation_direction=\u00bbbottom\u00bb animation_delay=\u00bb50ms\u00bb animation_starting_opacity=\u00bb100%\u00bb global_colors_info=\u00bb{}\u00bb]<\/p>\n<h2>\u00abUn amor, una promesa eterna\u00bb<\/h2>\n<p>[\/et_pb_text][et_pb_text _builder_version=\u00bb4.27.4&#8243; text_font=\u00bbHelvetica Neue Condensed|500|||||||\u00bb text_font_size=\u00bb26px\u00bb text_line_height=\u00bb1.8em\u00bb header_font=\u00bb||||||||\u00bb background_layout=\u00bbdark\u00bb max_width=\u00bb600px\u00bb animation_style=\u00bbfade\u00bb animation_direction=\u00bbbottom\u00bb animation_delay=\u00bb100ms\u00bb animation_starting_opacity=\u00bb100%\u00bb global_colors_info=\u00bb{}\u00bb]<\/p>\n<h2>\u00abJunts \u00e9s on tot t\u00e9 sentit.\u00bb<\/h2>\n<p>[\/et_pb_text][\/et_pb_column][\/et_pb_row][\/et_pb_section][et_pb_section fb_built=\u00bb1&#8243; custom_padding_last_edited=\u00bbon|desktop\u00bb admin_label=\u00bbAbout Recipe\u00bb _builder_version=\u00bb4.27.3&#8243; use_background_color_gradient=\u00bbon\u00bb background_color_gradient_stops=\u00bb#cad8e5 0%|rgba(0,0,0,0) 100%\u00bb background_color_gradient_start=\u00bb#cad8e5&#8243; background_color_gradient_end=\u00bbrgba(0,0,0,0)\u00bb background_enable_image=\u00bboff\u00bb background_size=\u00bbinitial\u00bb background_position=\u00bbtop_left\u00bb background_blend=\u00bbsoft-light\u00bb custom_padding=\u00bb0px|0px|0px|0px|false|false\u00bb custom_padding_tablet=\u00bb||0px|\u00bb custom_padding_phone=\u00bb\u00bb global_colors_info=\u00bb{}\u00bb][et_pb_row _builder_version=\u00bb4.27.3&#8243; _module_preset=\u00bbdefault\u00bb custom_margin=\u00bb||||false|false\u00bb custom_padding=\u00bb|50px||50px|false|true\u00bb global_colors_info=\u00bb{}\u00bb][et_pb_column type=\u00bb4_4&#8243; _builder_version=\u00bb4.16&#8243; _module_preset=\u00bbdefault\u00bb global_colors_info=\u00bb{}\u00bb][et_pb_text _builder_version=\u00bb4.27.4&#8243; _module_preset=\u00bbdefault\u00bb link_text_align=\u00bbcenter\u00bb ul_text_align=\u00bbcenter\u00bb ol_text_align=\u00bbcenter\u00bb quote_text_align=\u00bbcenter\u00bb header_font=\u00bbEB Garamond||||||||\u00bb header_text_align=\u00bbcenter\u00bb header_font_size=\u00bb36px\u00bb header_2_text_align=\u00bbcenter\u00bb header_3_text_align=\u00bbcenter\u00bb header_3_font_size=\u00bb40px\u00bb header_3_line_height=\u00bb1.3em\u00bb header_4_text_align=\u00bbcenter\u00bb header_5_text_align=\u00bbcenter\u00bb header_6_text_align=\u00bbcenter\u00bb text_orientation=\u00bbcenter\u00bb module_alignment=\u00bbcenter\u00bb global_colors_info=\u00bb{}\u00bb]<\/p>\n<h3 style=\"text-align: center;\">Aix\u00ed va ser el casament d&#8217;en Julio i l&#8217;Al\u00edcia<\/h3>\n<p>[\/et_pb_text][et_pb_text _builder_version=\u00bb4.27.4&#8243; text_font=\u00bbHelvetica Neue Condensed|500|||||||\u00bb text_text_color=\u00bb#1e1e1e\u00bb text_font_size=\u00bb17px\u00bb text_line_height=\u00bb1.8em\u00bb link_text_color=\u00bb#B2A283&#8243; text_orientation=\u00bbcenter\u00bb animation_style=\u00bbfade\u00bb animation_direction=\u00bbleft\u00bb animation_starting_opacity=\u00bb100%\u00bb global_colors_info=\u00bb{}\u00bb]<\/p>\n<p>El passat <strong>6 de juny,<\/strong> en Julio i l&#8217;Al\u00edcia van escriure un dels cap\u00edtols m\u00e9s emocionants de la seva hist\u00f2ria d&#8217;amor al impressionant <a href=\"https:\/\/fortidelrourell.es\/ca\/\">Fort\u00ed del Rourell.<\/a><\/p>\n<p>Aquest majestu\u00f3s enclavament, amb el seu encant r\u00fastic, es va convertir en l&#8217;escenari perfecte per a un casament que va deixar empremta en el cor de tots els assistents.<\/p>\n<p>[\/et_pb_text][\/et_pb_column][\/et_pb_row][\/et_pb_section][et_pb_section fb_built=\u00bb1&#8243; admin_label=\u00bbFeatured Recipe Section\u00bb _builder_version=\u00bb4.27.4&#8243; background_image=\u00bbhttps:\/\/fortidelrourell.es\/wp-content\/uploads\/2024\/12\/ADELANTO_00015_11zon-scaled.webp\u00bb custom_padding=\u00bb178px|0px|236px|0px||\u00bb locked=\u00bboff\u00bb global_colors_info=\u00bb{}\u00bb][et_pb_row column_structure=\u00bb1_2,1_2&#8243; _builder_version=\u00bb4.27.4&#8243; custom_margin=\u00bb|||\u00bb custom_padding=\u00bb|||\u00bb animation_style=\u00bbfade\u00bb global_colors_info=\u00bb{}\u00bb][et_pb_column type=\u00bb1_2&#8243; _builder_version=\u00bb4.16&#8243; background_color=\u00bb#ffffff\u00bb custom_padding=\u00bb30px|45px|30px|45px\u00bb custom_padding_tablet=\u00bb30px|45px|30px|45px\u00bb custom_padding_phone=\u00bb30px|30px|30px|30px\u00bb custom_padding_last_edited=\u00bbon|desktop\u00bb global_colors_info=\u00bb{}\u00bb custom_padding__hover=\u00bb|||\u00bb][et_pb_text _builder_version=\u00bb4.27.4&#8243; text_font=\u00bbHelvetica Neue Condensed|600||on|||||\u00bb text_text_color=\u00bb#cad8e5&#8243; text_font_size=\u00bb18px\u00bb custom_margin=\u00bb|||\u00bb animation_style=\u00bbfade\u00bb global_colors_info=\u00bb{}\u00bb]<\/p>\n<p>Dues \u00e0nimes, una hist\u00f2ria.<\/p>\n<p>[\/et_pb_text][et_pb_text _builder_version=\u00bb4.27.4&#8243; header_font=\u00bb||||||||\u00bb header_2_font=\u00bbEB Garamond|600|||||||\u00bb header_2_text_color=\u00bb#1e1e1&#8243; header_2_font_size=\u00bb36px\u00bb header_2_line_height=\u00bb1.3em\u00bb header_3_font=\u00bb|600|||||||\u00bb header_3_font_size=\u00bb40px\u00bb header_3_line_height=\u00bb1.2em\u00bb custom_margin=\u00bb||0px||false|false\u00bb custom_padding=\u00bb||13px|||\u00bb animation_style=\u00bbfade\u00bb global_colors_info=\u00bb{}\u00bb]<\/p>\n<h3>Cerim\u00f2nia<\/h3>\n<p>[\/et_pb_text][et_pb_text _builder_version=\u00bb4.27.4&#8243; text_font=\u00bbHelvetica Neue Condensed|500|||||||\u00bb text_text_color=\u00bb#000000&#8243; text_font_size=\u00bb17px\u00bb text_line_height=\u00bb1.8em\u00bb header_font=\u00bb||||||||\u00bb background_layout=\u00bbdark\u00bb max_width=\u00bb600px\u00bb animation_style=\u00bbfade\u00bb animation_delay=\u00bb100ms\u00bb animation_starting_opacity=\u00bb100%\u00bb global_colors_info=\u00bb{}\u00bb]<\/p>\n<p>En Julio i l&#8217;Al\u00edcia van intercanviar els seus vots en una emotiva cerim\u00f2nia carregada de simbolisme i sentiments. Rodejats d&#8217;amics i familiars, es van prometre amor etern en un altar decorat amb flors silvestres i detalls en tons terra, que harmonitzaven perfectament amb l&#8217;entorn.<\/p>\n<p>[\/et_pb_text][\/et_pb_column][et_pb_column type=\u00bb1_2&#8243; _builder_version=\u00bb4.27.4&#8243; background_enable_color=\u00bboff\u00bb custom_padding=\u00bb30px|45px|30px|45px\u00bb custom_padding_tablet=\u00bb\u00bb custom_padding_phone=\u00bb30px|30px|30px|30px\u00bb custom_padding_last_edited=\u00bbon|desktop\u00bb global_colors_info=\u00bb{}\u00bb padding_phone=\u00bb30px|30px|30px|30px\u00bb padding_last_edited=\u00bbon|desktop\u00bb custom_padding__hover=\u00bb|||\u00bb][\/et_pb_column][\/et_pb_row][\/et_pb_section][et_pb_section fb_built=\u00bb1&#8243; admin_label=\u00bbFeatures\u00bb _builder_version=\u00bb4.16&#8243; custom_margin=\u00bb-2px||||false|false\u00bb custom_padding=\u00bb1px||0px|||\u00bb locked=\u00bboff\u00bb global_colors_info=\u00bb{}\u00bb][et_pb_row _builder_version=\u00bb4.27.3&#8243; _module_preset=\u00bbdefault\u00bb custom_margin=\u00bb||30px||false|false\u00bb global_colors_info=\u00bb{}\u00bb][et_pb_column type=\u00bb4_4&#8243; _builder_version=\u00bb4.16&#8243; _module_preset=\u00bbdefault\u00bb global_colors_info=\u00bb{}\u00bb][et_pb_text _builder_version=\u00bb4.27.4&#8243; text_font=\u00bb||||||||\u00bb text_line_height=\u00bb2em\u00bb header_font=\u00bb||||||||\u00bb header_2_font=\u00bbEB Garamond|600|||||||\u00bb header_2_font_size=\u00bb36px\u00bb header_2_line_height=\u00bb1.4em\u00bb header_3_font=\u00bbEB Garamond|600|||||||\u00bb header_3_font_size=\u00bb36px\u00bb header_4_font=\u00bbHelvetica Neue Condensed|600||on|||||\u00bb header_4_text_color=\u00bb#cad8e5&#8243; header_4_line_height=\u00bb1.4em\u00bb header_2_font_size_tablet=\u00bb26px\u00bb header_2_font_size_phone=\u00bb20px\u00bb header_2_font_size_last_edited=\u00bbon|phone\u00bb locked=\u00bboff\u00bb global_colors_info=\u00bb{}\u00bb]<\/p>\n<h4 style=\"text-align: center;\">On comen\u00e7a el per sempre.<\/h4>\n<h3 style=\"text-align: center;\">Promeses d&#8217;amor etern.<\/h3>\n<p>[\/et_pb_text][et_pb_text _builder_version=\u00bb4.27.4&#8243; _module_preset=\u00bbdefault\u00bb text_font=\u00bbHelvetica Neue Condensed|500|||||||\u00bb text_text_color=\u00bb#000000&#8243; text_font_size=\u00bb17px\u00bb text_line_height=\u00bb1.8em\u00bb text_orientation=\u00bbcenter\u00bb background_layout=\u00bbdark\u00bb global_colors_info=\u00bb{}\u00bb]<\/p>\n<p>El casament d&#8217;en Julio i l&#8217;Al\u00edcia al Fort\u00ed del Rourell va ser molt m\u00e9s que una celebraci\u00f3: va ser un reflex del seu amor, de la seva complicitat i de l&#8217;alegria de compartir aquest moment tan especial amb els seus \u00e9ssers estimats.<\/p>\n<p>[\/et_pb_text][\/et_pb_column][\/et_pb_row][\/et_pb_section][et_pb_section fb_built=\u00bb1&#8243; admin_label=\u00bbFeatures\u00bb _builder_version=\u00bb4.27.3&#8243; background_color=\u00bb#f7f3f2&#8243; min_height=\u00bb830.2px\u00bb custom_margin=\u00bb-2px||||false|false\u00bb custom_padding=\u00bb1px||5px|||\u00bb locked=\u00bboff\u00bb global_colors_info=\u00bb{}\u00bb][et_pb_row column_structure=\u00bb1_2,1_2&#8243; use_custom_gutter=\u00bbon\u00bb gutter_width=\u00bb1&#8243; custom_padding_last_edited=\u00bbon|phone\u00bb _builder_version=\u00bb4.27.3&#8243; background_color=\u00bb#CAD8E5&#8243; background_color_gradient_direction=\u00bb110deg\u00bb background_image=\u00bbhttps:\/\/fortidelrourell.es\/wp-content\/uploads\/2022\/05\/wedding_engagement_38.png\u00bb background_size=\u00bbcontain\u00bb background_position=\u00bbbottom_center\u00bb width=\u00bb70%\u00bb custom_margin=\u00bb|||\u00bb custom_padding=\u00bb0|0px|250px|0px|false|false\u00bb custom_padding_tablet=\u00bb||200px|\u00bb custom_padding_phone=\u00bb||120px\u00bb global_colors_info=\u00bb{}\u00bb][et_pb_column type=\u00bb1_2&#8243; _builder_version=\u00bb4.16&#8243; custom_padding=\u00bb|||\u00bb global_colors_info=\u00bb{}\u00bb custom_padding__hover=\u00bb|||\u00bb][et_pb_image src=\u00bbhttps:\/\/fortidelrourell.es\/wp-content\/uploads\/2024\/12\/ADELANTO_00031_11zon-scaled.webp\u00bb alt=\u00bbLa Boda de Julia y Nico: Un S\u00ed Quiero m\u00e1gico\u00bb title_text=\u00bbADELANTO_00031_11zon\u00bb align_tablet=\u00bbcenter\u00bb align_phone=\u00bb\u00bb align_last_edited=\u00bbon|desktop\u00bb _builder_version=\u00bb4.27.4&#8243; custom_margin=\u00bb-30px|-6vw||\u00bb animation_direction=\u00bbtop\u00bb box_shadow_style=\u00bbpreset3&#8243; box_shadow_vertical=\u00bb40px\u00bb box_shadow_blur=\u00bb200px\u00bb box_shadow_spread=\u00bb-20px\u00bb locked=\u00bboff\u00bb global_colors_info=\u00bb{}\u00bb][\/et_pb_image][\/et_pb_column][et_pb_column type=\u00bb1_2&#8243; _builder_version=\u00bb4.16&#8243; custom_padding=\u00bb|||\u00bb global_colors_info=\u00bb{}\u00bb custom_padding__hover=\u00bb|||\u00bb][et_pb_image src=\u00bbhttps:\/\/fortidelrourell.es\/wp-content\/uploads\/2024\/12\/ADELANTO_00006_11zon.jpg\u00bb alt=\u00bbLa Boda de Julia y Nico: Un S\u00ed Quiero m\u00e1gico\u00bb title_text=\u00bbADELANTO_00006_11zon\u00bb align_tablet=\u00bbcenter\u00bb align_phone=\u00bb\u00bb align_last_edited=\u00bbon|desktop\u00bb _builder_version=\u00bb4.27.4&#8243; z_index=\u00bb98&#8243; custom_margin=\u00bb|-3vw||\u00bb animation_style=\u00bbslide\u00bb animation_direction=\u00bbbottom\u00bb animation_intensity_slide=\u00bb2%\u00bb box_shadow_style=\u00bbpreset3&#8243; box_shadow_horizontal=\u00bb-50px\u00bb box_shadow_vertical=\u00bb40px\u00bb box_shadow_blur=\u00bb120px\u00bb box_shadow_spread=\u00bb-20px\u00bb box_shadow_color=\u00bbrgba(0,0,0,0.44)\u00bb locked=\u00bboff\u00bb global_colors_info=\u00bb{}\u00bb][\/et_pb_image][\/et_pb_column][\/et_pb_row][\/et_pb_section][et_pb_section fb_built=\u00bb1&#8243; admin_label=\u00bbFeatures\u00bb _builder_version=\u00bb4.16&#8243; custom_margin=\u00bb-2px||||false|false\u00bb custom_padding=\u00bb3px||0px|||\u00bb locked=\u00bboff\u00bb global_colors_info=\u00bb{}\u00bb][et_pb_row _builder_version=\u00bb4.16&#8243; _module_preset=\u00bbdefault\u00bb global_colors_info=\u00bb{}\u00bb][et_pb_column type=\u00bb4_4&#8243; _builder_version=\u00bb4.16&#8243; _module_preset=\u00bbdefault\u00bb global_colors_info=\u00bb{}\u00bb][et_pb_text _builder_version=\u00bb4.27.4&#8243; text_font=\u00bb||||||||\u00bb text_line_height=\u00bb2em\u00bb header_font=\u00bb||||||||\u00bb header_2_font=\u00bbEB Garamond|600|||||||\u00bb header_2_font_size=\u00bb36px\u00bb header_2_line_height=\u00bb1.4em\u00bb header_3_font=\u00bbEB Garamond|600|||||||\u00bb header_3_font_size=\u00bb36px\u00bb header_4_font=\u00bbHelvetica Neue Condensed|600||on|||||\u00bb header_4_text_color=\u00bb#cad8e5&#8243; header_4_line_height=\u00bb1.4em\u00bb header_2_font_size_tablet=\u00bb26px\u00bb header_2_font_size_phone=\u00bb20px\u00bb header_2_font_size_last_edited=\u00bbon|phone\u00bb locked=\u00bboff\u00bb global_colors_info=\u00bb{}\u00bb]<\/p>\n<h4 style=\"text-align: center;\">La M\u00e0gica Boda d&#8217;en Julio i l&#8217;Al\u00edcia al Fort\u00ed del Rourell<\/h4>\n<h3 style=\"text-align: center;\">Un Amor per Recordar<\/h3>\n<p>[\/et_pb_text][et_pb_text _builder_version=\u00bb4.27.4&#8243; _module_preset=\u00bbdefault\u00bb text_font=\u00bbHelvetica Neue Condensed|500|||||||\u00bb text_text_color=\u00bb#000000&#8243; text_font_size=\u00bb17px\u00bb text_line_height=\u00bb1.8em\u00bb text_orientation=\u00bbcenter\u00bb background_layout=\u00bbdark\u00bb custom_padding=\u00bb||0px|||\u00bb global_colors_info=\u00bb{}\u00bb]<\/p>\n<p>Despr\u00e9s del \u00abs\u00ed, vull\u00bb, la parella va celebrar envoltada d&#8217;amor i alegria, creant records que perduraran per sempre a la mem\u00f2ria de tots els presents.<\/p>\n<p>[\/et_pb_text][et_pb_image src=\u00bbhttps:\/\/fortidelrourell.es\/wp-content\/uploads\/2024\/12\/ADELANTO_00027_11zon-scaled.webp\u00bb alt=\u00bbLa Boda de Julia y Nico: Un S\u00ed Quiero m\u00e1gico\u00bb title_text=\u00bbADELANTO_00027_11zon\u00bb _builder_version=\u00bb4.27.4&#8243; _module_preset=\u00bbdefault\u00bb global_colors_info=\u00bb{}\u00bb][\/et_pb_image][\/et_pb_column][\/et_pb_row][\/et_pb_section][et_pb_section fb_built=\u00bb1&#8243; _builder_version=\u00bb4.16&#8243; _module_preset=\u00bbdefault\u00bb custom_padding=\u00bb2px|||||\u00bb scroll_vertical_motion=\u00bb0|50|50|100|1|0|-1&#8243; locked=\u00bboff\u00bb global_colors_info=\u00bb{}\u00bb][et_pb_row _builder_version=\u00bb4.16&#8243; _module_preset=\u00bbdefault\u00bb custom_margin=\u00bb|auto|-33px|auto||\u00bb global_colors_info=\u00bb{}\u00bb][et_pb_column type=\u00bb4_4&#8243; _builder_version=\u00bb4.16&#8243; _module_preset=\u00bbdefault\u00bb global_colors_info=\u00bb{}\u00bb][et_pb_text admin_label=\u00bbTitle\u00bb _builder_version=\u00bb4.27.4&#8243; text_font=\u00bbPT Sans|700|||||||\u00bb text_text_color=\u00bb#1e1e1e\u00bb text_font_size=\u00bb30px\u00bb text_line_height=\u00bb1.8em\u00bb header_font=\u00bb||||||||\u00bb header_3_font=\u00bbEB Garamond|600|||||||\u00bb header_3_font_size=\u00bb36px\u00bb header_3_line_height=\u00bb1.4em\u00bb custom_margin=\u00bb||14px|||\u00bb animation_style=\u00bbfade\u00bb animation_direction=\u00bbleft\u00bb animation_starting_opacity=\u00bb100%\u00bb global_colors_info=\u00bb{}\u00bb]<\/p>\n<h3 style=\"text-align: center;\">El casament d&#8217;en Julio i l&#8217;Al\u00edcia, una experi\u00e8ncia que va unir familiars i amics en una jornada m\u00e0gica.<\/h3>\n<p>[\/et_pb_text][et_pb_text _builder_version=\u00bb4.27.4&#8243; _module_preset=\u00bbdefault\u00bb text_font=\u00bbHelvetica Neue Condensed|500|||||||\u00bb text_text_color=\u00bb#000000&#8243; text_font_size=\u00bb17px\u00bb text_line_height=\u00bb1.8em\u00bb text_orientation=\u00bbcenter\u00bb background_layout=\u00bbdark\u00bb custom_padding=\u00bb||0px|||\u00bb hover_enabled=\u00bb0&#8243; global_colors_info=\u00bb{}\u00bb sticky_enabled=\u00bb0&#8243;]<\/p>\n<p>Fotos cedides per <a href=\"https:\/\/www.monicaprytz.com\/\">M\u00f3nica Pritz.<\/a><\/p>\n<p>[\/et_pb_text][\/et_pb_column][\/et_pb_row][et_pb_row column_structure=\u00bb1_2,1_2&#8243; _builder_version=\u00bb4.16&#8243; width=\u00bb100%\u00bb max_width=\u00bb1400px\u00bb custom_margin=\u00bb|auto|-20px|auto||\u00bb locked=\u00bboff\u00bb global_colors_info=\u00bb{}\u00bb][et_pb_column type=\u00bb1_2&#8243; _builder_version=\u00bb4.16&#8243; custom_padding=\u00bb|||\u00bb global_colors_info=\u00bb{}\u00bb custom_padding__hover=\u00bb|||\u00bb][et_pb_image src=\u00bbhttps:\/\/fortidelrourell.es\/wp-content\/uploads\/2024\/12\/ADELANTO_00008-scaled.webp\u00bb alt=\u00bbLa Boda de Julia y Nico: Un S\u00ed Quiero m\u00e1gico\u00bb title_text=\u00bbADELANTO_00008&#8243; show_in_lightbox=\u00bbon\u00bb use_overlay=\u00bbon\u00bb overlay_icon_color=\u00bb#CAD8E5&#8243; hover_overlay_color=\u00bbrgba(255,255,255,0.2)\u00bb force_fullwidth=\u00bbon\u00bb align_tablet=\u00bbcenter\u00bb align_phone=\u00bb\u00bb align_last_edited=\u00bbon|desktop\u00bb _builder_version=\u00bb4.27.4&#8243; locked=\u00bboff\u00bb global_colors_info=\u00bb{}\u00bb][\/et_pb_image][et_pb_image src=\u00bbhttps:\/\/fortidelrourell.es\/wp-content\/uploads\/2024\/12\/ADELANTO_00031_11zon-scaled.webp\u00bb alt=\u00bbLa Boda de Julia y Nico: Un S\u00ed Quiero m\u00e1gico\u00bb title_text=\u00bbADELANTO_00031_11zon\u00bb show_in_lightbox=\u00bbon\u00bb use_overlay=\u00bbon\u00bb overlay_icon_color=\u00bb#CAD8E5&#8243; hover_overlay_color=\u00bbrgba(255,255,255,0.2)\u00bb force_fullwidth=\u00bbon\u00bb align_tablet=\u00bbcenter\u00bb align_phone=\u00bb\u00bb align_last_edited=\u00bbon|desktop\u00bb _builder_version=\u00bb4.27.4&#8243; locked=\u00bboff\u00bb global_colors_info=\u00bb{}\u00bb][\/et_pb_image][\/et_pb_column][et_pb_column type=\u00bb1_2&#8243; _builder_version=\u00bb4.16&#8243; custom_padding=\u00bb|||\u00bb global_colors_info=\u00bb{}\u00bb custom_padding__hover=\u00bb|||\u00bb][et_pb_image src=\u00bbhttps:\/\/fortidelrourell.es\/wp-content\/uploads\/2024\/12\/ADELANTO_00005-scaled.webp\u00bb alt=\u00bbLa Boda de Julia y Nico: Un S\u00ed Quiero m\u00e1gico\u00bb title_text=\u00bbADELANTO_00005&#8243; _builder_version=\u00bb4.27.4&#8243; _module_preset=\u00bbdefault\u00bb global_colors_info=\u00bb{}\u00bb][\/et_pb_image][et_pb_image src=\u00bbhttps:\/\/fortidelrourell.es\/wp-content\/uploads\/2024\/12\/ADELANTO_00030-scaled.webp\u00bb alt=\u00bbLa Boda de Julia y Nico: Un S\u00ed Quiero m\u00e1gico\u00bb title_text=\u00bbADELANTO_00030&#8243; show_in_lightbox=\u00bbon\u00bb use_overlay=\u00bbon\u00bb overlay_icon_color=\u00bb#CAD8E5&#8243; hover_overlay_color=\u00bbrgba(255,255,255,0.2)\u00bb force_fullwidth=\u00bbon\u00bb align_tablet=\u00bbcenter\u00bb align_phone=\u00bb\u00bb align_last_edited=\u00bbon|desktop\u00bb _builder_version=\u00bb4.27.4&#8243; global_colors_info=\u00bb{}\u00bb][\/et_pb_image][\/et_pb_column][\/et_pb_row][\/et_pb_section][et_pb_section fb_built=\u00bb1&#8243; disabled_on=\u00bboff|off|off\u00bb admin_label=\u00bbContact Form\u00bb module_id=\u00bbvisita-boda\u00bb _builder_version=\u00bb4.16&#8243; background_color=\u00bbrgba(175,159,131,0.28)\u00bb custom_margin=\u00bb|||\u00bb custom_padding=\u00bb||90px|\u00bb locked=\u00bboff\u00bb global_colors_info=\u00bb{}\u00bb][et_pb_row _builder_version=\u00bb4.16&#8243; global_colors_info=\u00bb{}\u00bb][et_pb_column type=\u00bb4_4&#8243; _builder_version=\u00bb4.16&#8243; custom_padding=\u00bb|||\u00bb global_colors_info=\u00bb{}\u00bb custom_padding__hover=\u00bb|||\u00bb][et_pb_text _builder_version=\u00bb4.27.4&#8243; text_font=\u00bbPT Sans|700|||||||\u00bb text_text_color=\u00bb#1e1e1e\u00bb text_font_size=\u00bb30px\u00bb text_line_height=\u00bb1.8em\u00bb header_font=\u00bb||||||||\u00bb header_3_font=\u00bbEB Garamond|600|||||||\u00bb header_3_font_size=\u00bb40px\u00bb header_3_line_height=\u00bb1.4em\u00bb text_orientation=\u00bbcenter\u00bb custom_margin=\u00bb||14px|||\u00bb animation_style=\u00bbfade\u00bb animation_direction=\u00bbleft\u00bb animation_starting_opacity=\u00bb100%\u00bb global_colors_info=\u00bb{}\u00bb]<\/p>\n<h3>Viu el teu somni com en Julio i l&#8217;Al\u00edcia al Fort\u00ed del Rourell<\/h3>\n<p>[\/et_pb_text][et_pb_divider color=\u00bb#cccccc\u00bb divider_weight=\u00bb2px\u00bb _builder_version=\u00bb4.16&#8243; max_width=\u00bb80px\u00bb max_width_tablet=\u00bb150px\u00bb max_width_phone=\u00bb150px\u00bb max_width_last_edited=\u00bboff|desktop\u00bb module_alignment=\u00bbcenter\u00bb custom_margin=\u00bb||15px|\u00bb animation_style=\u00bbfade\u00bb global_colors_info=\u00bb{}\u00bb][\/et_pb_divider][et_pb_contact_form use_spam_service=\u00bbon\u00bb recaptcha_list=\u00bbForti del rourell-0&#8243; email=\u00bbeventos@fortidelrourell.es\u00bb custom_message=\u00bbCONTACTO BODAS FORMULARIO WEB||et_pb_line_break_holder||||et_pb_line_break_holder||%%First_name%%||et_pb_line_break_holder||%%adultos%%||et_pb_line_break_holder||%%email%%||et_pb_line_break_holder||%%Phone%%||et_pb_line_break_holder||%%dia%%||et_pb_line_break_holder||%%message%%\u00bb success_message=\u00bb\u00a1Gracias! Te confirmaremos tu reserva lo antes posible.\u00bb submit_button_text=\u00bbEnviar\u00bb module_id=\u00bbet_pb_contact_form_0&#8243; _builder_version=\u00bb4.16&#8243; _unique_id=\u00bb8e3b6325-da62-43eb-919e-2e193c5608f8&#8243; form_field_background_color=\u00bb#ffffff\u00bb title_font=\u00bbPT Sans||||||||\u00bb captcha_font=\u00bbPT Sans|700|||||||\u00bb captcha_letter_spacing=\u00bb2px\u00bb form_field_font=\u00bbPT Sans Narrow||||||||\u00bb form_field_font_size=\u00bb18px\u00bb custom_button=\u00bbon\u00bb button_text_size=\u00bb20px\u00bb button_text_color=\u00bb#FFFFFF\u00bb button_bg_color=\u00bb#b2a283&#8243; button_border_width=\u00bb4px\u00bb button_border_color=\u00bbRGBA(0,0,0,0)\u00bb button_border_radius=\u00bb0px\u00bb button_font=\u00bbHelvetica Neue Condensed|700||on|||||\u00bb button_use_icon=\u00bboff\u00bb max_width=\u00bb750px\u00bb module_alignment=\u00bbcenter\u00bb custom_padding=\u00bb|||\u00bb animation_style=\u00bbfade\u00bb border_radii=\u00bbon|3px|3px|3px|3px\u00bb border_width_all=\u00bb1px\u00bb border_color_all=\u00bb#e1e3e5&#8243; form_background_color=\u00bb#ffffff\u00bb locked=\u00bboff\u00bb global_colors_info=\u00bb{}\u00bb][et_pb_contact_field field_id=\u00bbFirst_name\u00bb field_title=\u00bbNombre y apellidos\u00bb _builder_version=\u00bb4.16&#8243; global_colors_info=\u00bb{}\u00bb button_text_size__hover_enabled=\u00bboff\u00bb button_one_text_size__hover_enabled=\u00bboff\u00bb button_two_text_size__hover_enabled=\u00bboff\u00bb button_text_color__hover_enabled=\u00bboff\u00bb button_one_text_color__hover_enabled=\u00bboff\u00bb button_two_text_color__hover_enabled=\u00bboff\u00bb button_border_width__hover_enabled=\u00bboff\u00bb button_one_border_width__hover_enabled=\u00bboff\u00bb button_two_border_width__hover_enabled=\u00bboff\u00bb button_border_color__hover_enabled=\u00bboff\u00bb button_one_border_color__hover_enabled=\u00bboff\u00bb button_two_border_color__hover_enabled=\u00bboff\u00bb button_border_radius__hover_enabled=\u00bboff\u00bb button_one_border_radius__hover_enabled=\u00bboff\u00bb button_two_border_radius__hover_enabled=\u00bboff\u00bb button_letter_spacing__hover_enabled=\u00bboff\u00bb button_one_letter_spacing__hover_enabled=\u00bboff\u00bb button_two_letter_spacing__hover_enabled=\u00bboff\u00bb button_bg_color__hover_enabled=\u00bboff\u00bb button_one_bg_color__hover_enabled=\u00bboff\u00bb button_two_bg_color__hover_enabled=\u00bboff\u00bb][\/et_pb_contact_field][et_pb_contact_field field_id=\u00bbadultos\u00bb field_title=\u00bbN\u00famero aprox. comensales\u00bb allowed_symbols=\u00bbnumbers\u00bb _builder_version=\u00bb4.16&#8243; global_colors_info=\u00bb{}\u00bb button_text_size__hover_enabled=\u00bboff\u00bb button_one_text_size__hover_enabled=\u00bboff\u00bb button_two_text_size__hover_enabled=\u00bboff\u00bb button_text_color__hover_enabled=\u00bboff\u00bb button_one_text_color__hover_enabled=\u00bboff\u00bb button_two_text_color__hover_enabled=\u00bboff\u00bb button_border_width__hover_enabled=\u00bboff\u00bb button_one_border_width__hover_enabled=\u00bboff\u00bb button_two_border_width__hover_enabled=\u00bboff\u00bb button_border_color__hover_enabled=\u00bboff\u00bb button_one_border_color__hover_enabled=\u00bboff\u00bb button_two_border_color__hover_enabled=\u00bboff\u00bb button_border_radius__hover_enabled=\u00bboff\u00bb button_one_border_radius__hover_enabled=\u00bboff\u00bb button_two_border_radius__hover_enabled=\u00bboff\u00bb button_letter_spacing__hover_enabled=\u00bboff\u00bb button_one_letter_spacing__hover_enabled=\u00bboff\u00bb button_two_letter_spacing__hover_enabled=\u00bboff\u00bb button_bg_color__hover_enabled=\u00bboff\u00bb button_one_bg_color__hover_enabled=\u00bboff\u00bb button_two_bg_color__hover_enabled=\u00bboff\u00bb][\/et_pb_contact_field][et_pb_contact_field field_id=\u00bbEmail\u00bb field_title=\u00bbEmail \u00bb field_type=\u00bbemail\u00bb _builder_version=\u00bb4.16&#8243; global_colors_info=\u00bb{}\u00bb button_text_size__hover_enabled=\u00bboff\u00bb button_one_text_size__hover_enabled=\u00bboff\u00bb button_two_text_size__hover_enabled=\u00bboff\u00bb button_text_color__hover_enabled=\u00bboff\u00bb button_one_text_color__hover_enabled=\u00bboff\u00bb button_two_text_color__hover_enabled=\u00bboff\u00bb button_border_width__hover_enabled=\u00bboff\u00bb button_one_border_width__hover_enabled=\u00bboff\u00bb button_two_border_width__hover_enabled=\u00bboff\u00bb button_border_color__hover_enabled=\u00bboff\u00bb button_one_border_color__hover_enabled=\u00bboff\u00bb button_two_border_color__hover_enabled=\u00bboff\u00bb button_border_radius__hover_enabled=\u00bboff\u00bb button_one_border_radius__hover_enabled=\u00bboff\u00bb button_two_border_radius__hover_enabled=\u00bboff\u00bb button_letter_spacing__hover_enabled=\u00bboff\u00bb button_one_letter_spacing__hover_enabled=\u00bboff\u00bb button_two_letter_spacing__hover_enabled=\u00bboff\u00bb button_bg_color__hover_enabled=\u00bboff\u00bb button_one_bg_color__hover_enabled=\u00bboff\u00bb button_two_bg_color__hover_enabled=\u00bboff\u00bb][\/et_pb_contact_field][et_pb_contact_field field_id=\u00bbPhone\u00bb field_title=\u00bbTel\u00e9fono\u00bb _builder_version=\u00bb4.16&#8243; global_colors_info=\u00bb{}\u00bb button_text_size__hover_enabled=\u00bboff\u00bb button_one_text_size__hover_enabled=\u00bboff\u00bb button_two_text_size__hover_enabled=\u00bboff\u00bb button_text_color__hover_enabled=\u00bboff\u00bb button_one_text_color__hover_enabled=\u00bboff\u00bb button_two_text_color__hover_enabled=\u00bboff\u00bb button_border_width__hover_enabled=\u00bboff\u00bb button_one_border_width__hover_enabled=\u00bboff\u00bb button_two_border_width__hover_enabled=\u00bboff\u00bb button_border_color__hover_enabled=\u00bboff\u00bb button_one_border_color__hover_enabled=\u00bboff\u00bb button_two_border_color__hover_enabled=\u00bboff\u00bb button_border_radius__hover_enabled=\u00bboff\u00bb button_one_border_radius__hover_enabled=\u00bboff\u00bb button_two_border_radius__hover_enabled=\u00bboff\u00bb button_letter_spacing__hover_enabled=\u00bboff\u00bb button_one_letter_spacing__hover_enabled=\u00bboff\u00bb button_two_letter_spacing__hover_enabled=\u00bboff\u00bb button_bg_color__hover_enabled=\u00bboff\u00bb button_one_bg_color__hover_enabled=\u00bboff\u00bb button_two_bg_color__hover_enabled=\u00bboff\u00bb][\/et_pb_contact_field][et_pb_contact_field field_id=\u00bbdia\u00bb field_title=\u00bb\u00bfQu\u00e9 d\u00eda ser\u00e1 la boda? (dd\/mm\/aa)\u00bb fullwidth_field=\u00bbon\u00bb _builder_version=\u00bb4.16&#8243; global_colors_info=\u00bb{}\u00bb button_text_size__hover_enabled=\u00bboff\u00bb button_one_text_size__hover_enabled=\u00bboff\u00bb button_two_text_size__hover_enabled=\u00bboff\u00bb button_text_color__hover_enabled=\u00bboff\u00bb button_one_text_color__hover_enabled=\u00bboff\u00bb button_two_text_color__hover_enabled=\u00bboff\u00bb button_border_width__hover_enabled=\u00bboff\u00bb button_one_border_width__hover_enabled=\u00bboff\u00bb button_two_border_width__hover_enabled=\u00bboff\u00bb button_border_color__hover_enabled=\u00bboff\u00bb button_one_border_color__hover_enabled=\u00bboff\u00bb button_two_border_color__hover_enabled=\u00bboff\u00bb button_border_radius__hover_enabled=\u00bboff\u00bb button_one_border_radius__hover_enabled=\u00bboff\u00bb button_two_border_radius__hover_enabled=\u00bboff\u00bb button_letter_spacing__hover_enabled=\u00bboff\u00bb button_one_letter_spacing__hover_enabled=\u00bboff\u00bb button_two_letter_spacing__hover_enabled=\u00bboff\u00bb button_bg_color__hover_enabled=\u00bboff\u00bb button_one_bg_color__hover_enabled=\u00bboff\u00bb button_two_bg_color__hover_enabled=\u00bboff\u00bb][\/et_pb_contact_field][et_pb_contact_field field_id=\u00bbMessage\u00bb field_title=\u00bbComentarios\u00bb field_type=\u00bbtext\u00bb required_mark=\u00bboff\u00bb fullwidth_field=\u00bbon\u00bb _builder_version=\u00bb4.16&#8243; global_colors_info=\u00bb{}\u00bb button_text_size__hover_enabled=\u00bboff\u00bb button_one_text_size__hover_enabled=\u00bboff\u00bb button_two_text_size__hover_enabled=\u00bboff\u00bb button_text_color__hover_enabled=\u00bboff\u00bb button_one_text_color__hover_enabled=\u00bboff\u00bb button_two_text_color__hover_enabled=\u00bboff\u00bb button_border_width__hover_enabled=\u00bboff\u00bb button_one_border_width__hover_enabled=\u00bboff\u00bb button_two_border_width__hover_enabled=\u00bboff\u00bb button_border_color__hover_enabled=\u00bboff\u00bb button_one_border_color__hover_enabled=\u00bboff\u00bb button_two_border_color__hover_enabled=\u00bboff\u00bb button_border_radius__hover_enabled=\u00bboff\u00bb button_one_border_radius__hover_enabled=\u00bboff\u00bb button_two_border_radius__hover_enabled=\u00bboff\u00bb button_letter_spacing__hover_enabled=\u00bboff\u00bb button_one_letter_spacing__hover_enabled=\u00bboff\u00bb button_two_letter_spacing__hover_enabled=\u00bboff\u00bb button_bg_color__hover_enabled=\u00bboff\u00bb button_one_bg_color__hover_enabled=\u00bboff\u00bb button_two_bg_color__hover_enabled=\u00bboff\u00bb][\/et_pb_contact_field][et_pb_contact_field field_id=\u00bbterms\u00bb field_title=\u00bb \u00bb field_type=\u00bbcheckbox\u00bb checkbox_options=\u00bb%91{%22value%22:%22Acepto t\u00e9rminos y condiciones     %22,%22checked%22:0,%22dragID%22:-1,%22link_url%22:%22\/texto-legal-y-politica-de-privacidad\/%22,%22link_text%22:%22%22}%93&#8243; fullwidth_field=\u00bbon\u00bb _builder_version=\u00bb4.16&#8243; _module_preset=\u00bbdefault\u00bb global_colors_info=\u00bb{}\u00bb][\/et_pb_contact_field][\/et_pb_contact_form][\/et_pb_column][\/et_pb_row][\/et_pb_section][et_pb_section fb_built=\u00bb1&#8243; admin_label=\u00bbHero\u00bb _builder_version=\u00bb4.27.3&#8243; background_enable_image=\u00bboff\u00bb background_position=\u00bbbottom_right\u00bb custom_margin=\u00bb|||\u00bb custom_padding=\u00bb36px||0px|||\u00bb locked=\u00bboff\u00bb global_colors_info=\u00bb{}\u00bb][et_pb_row _builder_version=\u00bb4.16&#8243; background_size=\u00bbinitial\u00bb background_position=\u00bbtop_left\u00bb background_repeat=\u00bbrepeat\u00bb global_colors_info=\u00bb{}\u00bb][et_pb_column type=\u00bb4_4&#8243; _builder_version=\u00bb4.16&#8243; custom_padding=\u00bb|||\u00bb global_colors_info=\u00bb{}\u00bb custom_padding__hover=\u00bb|||\u00bb][et_pb_text _builder_version=\u00bb4.27.4&#8243; text_font=\u00bbPT Sans|700|||||||\u00bb text_text_color=\u00bb#1e1e1e\u00bb text_font_size=\u00bb30px\u00bb text_line_height=\u00bb1.8em\u00bb header_font=\u00bb||||||||\u00bb header_3_font=\u00bbEB Garamond|600|||||||\u00bb header_3_font_size=\u00bb40px\u00bb header_3_line_height=\u00bb1.4em\u00bb text_orientation=\u00bbcenter\u00bb custom_margin=\u00bb||14px|||\u00bb animation_style=\u00bbfade\u00bb animation_starting_opacity=\u00bb100%\u00bb global_colors_info=\u00bb{}\u00bb]<\/p>\n<h3>Contacta&#8217;ns<\/h3>\n<p>[\/et_pb_text][\/et_pb_column][\/et_pb_row][et_pb_row column_structure=\u00bb1_3,1_3,1_3&#8243; admin_label=\u00bbContact Info\u00bb _builder_version=\u00bb4.16&#8243; custom_margin=\u00bb|||\u00bb global_colors_info=\u00bb{}\u00bb][et_pb_column type=\u00bb1_3&#8243; _builder_version=\u00bb4.16&#8243; custom_padding=\u00bb|||\u00bb global_colors_info=\u00bb{}\u00bb custom_padding__hover=\u00bb|||\u00bb][et_pb_blurb use_icon=\u00bbon\u00bb font_icon=\u00bb&#xe01d;||divi||400&#8243; icon_color=\u00bb#B2A283&#8243; image_icon_width=\u00bb32px\u00bb _builder_version=\u00bb4.16&#8243; header_font=\u00bbPT Sans||||||||\u00bb header_font_size=\u00bb28px\u00bb body_font=\u00bbHelvetica Neue Condensed|500|||||||\u00bb body_text_color=\u00bb#1e1e1e\u00bb body_font_size=\u00bb20px\u00bb body_line_height=\u00bb1.8em\u00bb text_orientation=\u00bbcenter\u00bb icon_font_size=\u00bb32px\u00bb global_colors_info=\u00bb{}\u00bb]<\/p>\n<div class=\"b5BMEf\"><\/div>\n<div class=\"BOu6vf\"><span>Carrer FOSC, 8, 43142 El Rourell, Tarragona<\/span><\/div>\n<p>[\/et_pb_blurb][\/et_pb_column][et_pb_column type=\u00bb1_3&#8243; _builder_version=\u00bb4.16&#8243; custom_padding=\u00bb|||\u00bb global_colors_info=\u00bb{}\u00bb custom_padding__hover=\u00bb|||\u00bb][et_pb_blurb use_icon=\u00bbon\u00bb font_icon=\u00bb&#xe010;||divi||400&#8243; icon_color=\u00bb#B2A283&#8243; image_icon_width=\u00bb32px\u00bb _builder_version=\u00bb4.16&#8243; header_font=\u00bbPT Sans||||||||\u00bb header_font_size=\u00bb28px\u00bb body_font=\u00bbHelvetica Neue Condensed|500|||||||\u00bb body_text_color=\u00bb#1e1e1e\u00bb body_font_size=\u00bb20px\u00bb body_line_height=\u00bb1.8em\u00bb text_orientation=\u00bbcenter\u00bb icon_font_size=\u00bb32px\u00bb global_colors_info=\u00bb{}\u00bb]<\/p>\n<p>eventos@fortidelrourell.es<\/p>\n<p>[\/et_pb_blurb][\/et_pb_column][et_pb_column type=\u00bb1_3&#8243; _builder_version=\u00bb4.16&#8243; custom_padding=\u00bb|||\u00bb global_colors_info=\u00bb{}\u00bb custom_padding__hover=\u00bb|||\u00bb][et_pb_blurb use_icon=\u00bbon\u00bb font_icon=\u00bb&#xe00b;||divi||400&#8243; icon_color=\u00bb#B2A283&#8243; image_icon_width=\u00bb32px\u00bb _builder_version=\u00bb4.16&#8243; header_font=\u00bbPT Sans||||||||\u00bb header_font_size=\u00bb28px\u00bb body_font=\u00bbHelvetica Neue Condensed|500|||||||\u00bb body_text_color=\u00bb#1e1e1e\u00bb body_font_size=\u00bb20px\u00bb body_line_height=\u00bb1.8em\u00bb text_orientation=\u00bbcenter\u00bb icon_font_size=\u00bb32px\u00bb global_colors_info=\u00bb{}\u00bb]<\/p>\n<p>(+34) 660 93 48 25<\/p>\n<p>[\/et_pb_blurb][\/et_pb_column][\/et_pb_row][\/et_pb_section]<\/p>\n","protected":false},"excerpt":{"rendered":"<p>Descobreix com en Julio i l&#8217;Al\u00edcia van celebrar el seu amor el 6 de juny, rodejats de natura i moments inoblidables.<\/p>\n","protected":false},"author":118,"featured_media":16482,"comment_status":"open","ping_status":"open","sticky":false,"template":"","format":"standard","meta":{"_et_pb_use_builder":"on","_et_pb_old_content":"","_et_gb_content_width":"","footnotes":""},"categories":[139],"tags":[],"class_list":["post-16477","post","type-post","status-publish","format-standard","has-post-thumbnail","hentry","category-bodes-reals"],"yoast_head":"<!-- This site is optimized with the Yoast SEO plugin v28.2 - https:\/\/yoast.com\/product\/yoast-seo-wordpress\/ -->\n<title>El Casament d&#039;en Julio i l&#039;Al\u00edcia: Un Somni Fet Realitat - Forti del Rourell<\/title>\n<meta name=\"description\" content=\"Descobreix com en Julio i l&#039;Al\u00edcia van celebrar el seu amor el 6 de juny, rodejats de natura i moments inoblidables.\" \/>\n<meta name=\"robots\" content=\"index, follow, max-snippet:-1, max-image-preview:large, max-video-preview:-1\" \/>\n<link rel=\"canonical\" href=\"https:\/\/fortidelrourell.es\/ca\/el-casament-de-julio-i-alicia-un-somni-fet-realitat\/\" \/>\n<meta property=\"og:locale\" content=\"ca_ES\" \/>\n<meta property=\"og:type\" content=\"article\" \/>\n<meta property=\"og:title\" content=\"El Casament d&#039;en Julio i l&#039;Al\u00edcia: Un Somni Fet Realitat - Forti del Rourell\" \/>\n<meta property=\"og:description\" content=\"Descobreix com en Julio i l&#039;Al\u00edcia van celebrar el seu amor el 6 de juny, rodejats de natura i moments inoblidables.\" \/>\n<meta property=\"og:url\" content=\"https:\/\/fortidelrourell.es\/ca\/el-casament-de-julio-i-alicia-un-somni-fet-realitat\/\" \/>\n<meta property=\"og:site_name\" content=\"Forti del Rourell\" \/>\n<meta property=\"article:published_time\" content=\"2024-12-02T09:30:56+00:00\" \/>\n<meta property=\"article:modified_time\" content=\"2024-12-09T08:12:50+00:00\" \/>\n<meta property=\"og:image\" content=\"https:\/\/fortidelrourell.es\/wp-content\/uploads\/2024\/12\/ADELANTO_00029_11zon_11zon-scaled.webp\" \/>\n\t<meta property=\"og:image:width\" content=\"2560\" \/>\n\t<meta property=\"og:image:height\" content=\"1706\" \/>\n\t<meta property=\"og:image:type\" content=\"image\/webp\" \/>\n<meta name=\"author\" content=\"Ariadna Belmonte\" \/>\n<meta name=\"twitter:card\" content=\"summary_large_image\" \/>\n<meta name=\"twitter:label1\" content=\"Escrit per\" \/>\n\t<meta name=\"twitter:data1\" content=\"Ariadna Belmonte\" \/>\n\t<meta name=\"twitter:label2\" content=\"Temps estimat de lectura\" \/>\n\t<meta name=\"twitter:data2\" content=\"20 minuts\" \/>\n<script type=\"application\/ld+json\" class=\"yoast-schema-graph\">{\"@context\":\"https:\\\/\\\/schema.org\",\"@graph\":[{\"@type\":\"Article\",\"@id\":\"https:\\\/\\\/fortidelrourell.es\\\/ca\\\/el-casament-de-julio-i-alicia-un-somni-fet-realitat\\\/#article\",\"isPartOf\":{\"@id\":\"https:\\\/\\\/fortidelrourell.es\\\/ca\\\/el-casament-de-julio-i-alicia-un-somni-fet-realitat\\\/\"},\"author\":{\"name\":\"Ariadna Belmonte\",\"@id\":\"https:\\\/\\\/fortidelrourell.es\\\/ca\\\/#\\\/schema\\\/person\\\/f3c85889904bf6b3c850209b3a07b205\"},\"headline\":\"El Casament d&#8217;en Julio i l&#8217;Al\u00edcia: Un Somni Fet Realitat\",\"datePublished\":\"2024-12-02T09:30:56+00:00\",\"dateModified\":\"2024-12-09T08:12:50+00:00\",\"mainEntityOfPage\":{\"@id\":\"https:\\\/\\\/fortidelrourell.es\\\/ca\\\/el-casament-de-julio-i-alicia-un-somni-fet-realitat\\\/\"},\"wordCount\":3951,\"commentCount\":0,\"image\":{\"@id\":\"https:\\\/\\\/fortidelrourell.es\\\/ca\\\/el-casament-de-julio-i-alicia-un-somni-fet-realitat\\\/#primaryimage\"},\"thumbnailUrl\":\"https:\\\/\\\/fortidelrourell.es\\\/wp-content\\\/uploads\\\/2024\\\/12\\\/ADELANTO_00029_11zon_11zon-scaled.webp\",\"articleSection\":[\"Bodes Reals\"],\"inLanguage\":\"ca\",\"potentialAction\":[{\"@type\":\"CommentAction\",\"name\":\"Comment\",\"target\":[\"https:\\\/\\\/fortidelrourell.es\\\/ca\\\/el-casament-de-julio-i-alicia-un-somni-fet-realitat\\\/#respond\"]}]},{\"@type\":\"WebPage\",\"@id\":\"https:\\\/\\\/fortidelrourell.es\\\/ca\\\/el-casament-de-julio-i-alicia-un-somni-fet-realitat\\\/\",\"url\":\"https:\\\/\\\/fortidelrourell.es\\\/ca\\\/el-casament-de-julio-i-alicia-un-somni-fet-realitat\\\/\",\"name\":\"El Casament d'en Julio i l'Al\u00edcia: Un Somni Fet Realitat - Forti del Rourell\",\"isPartOf\":{\"@id\":\"https:\\\/\\\/fortidelrourell.es\\\/ca\\\/#website\"},\"primaryImageOfPage\":{\"@id\":\"https:\\\/\\\/fortidelrourell.es\\\/ca\\\/el-casament-de-julio-i-alicia-un-somni-fet-realitat\\\/#primaryimage\"},\"image\":{\"@id\":\"https:\\\/\\\/fortidelrourell.es\\\/ca\\\/el-casament-de-julio-i-alicia-un-somni-fet-realitat\\\/#primaryimage\"},\"thumbnailUrl\":\"https:\\\/\\\/fortidelrourell.es\\\/wp-content\\\/uploads\\\/2024\\\/12\\\/ADELANTO_00029_11zon_11zon-scaled.webp\",\"datePublished\":\"2024-12-02T09:30:56+00:00\",\"dateModified\":\"2024-12-09T08:12:50+00:00\",\"author\":{\"@id\":\"https:\\\/\\\/fortidelrourell.es\\\/ca\\\/#\\\/schema\\\/person\\\/f3c85889904bf6b3c850209b3a07b205\"},\"description\":\"Descobreix com en Julio i l'Al\u00edcia van celebrar el seu amor el 6 de juny, rodejats de natura i moments inoblidables.\",\"breadcrumb\":{\"@id\":\"https:\\\/\\\/fortidelrourell.es\\\/ca\\\/el-casament-de-julio-i-alicia-un-somni-fet-realitat\\\/#breadcrumb\"},\"inLanguage\":\"ca\",\"potentialAction\":[{\"@type\":\"ReadAction\",\"target\":[\"https:\\\/\\\/fortidelrourell.es\\\/ca\\\/el-casament-de-julio-i-alicia-un-somni-fet-realitat\\\/\"]}]},{\"@type\":\"ImageObject\",\"inLanguage\":\"ca\",\"@id\":\"https:\\\/\\\/fortidelrourell.es\\\/ca\\\/el-casament-de-julio-i-alicia-un-somni-fet-realitat\\\/#primaryimage\",\"url\":\"https:\\\/\\\/fortidelrourell.es\\\/wp-content\\\/uploads\\\/2024\\\/12\\\/ADELANTO_00029_11zon_11zon-scaled.webp\",\"contentUrl\":\"https:\\\/\\\/fortidelrourell.es\\\/wp-content\\\/uploads\\\/2024\\\/12\\\/ADELANTO_00029_11zon_11zon-scaled.webp\",\"width\":2560,\"height\":1706,\"caption\":\"La Boda de Julio y Alicia\"},{\"@type\":\"BreadcrumbList\",\"@id\":\"https:\\\/\\\/fortidelrourell.es\\\/ca\\\/el-casament-de-julio-i-alicia-un-somni-fet-realitat\\\/#breadcrumb\",\"itemListElement\":[{\"@type\":\"ListItem\",\"position\":1,\"name\":\"Portada\",\"item\":\"https:\\\/\\\/fortidelrourell.es\\\/ca\\\/\"},{\"@type\":\"ListItem\",\"position\":2,\"name\":\"El Casament d&#8217;en Julio i l&#8217;Al\u00edcia: Un Somni Fet Realitat\"}]},{\"@type\":\"WebSite\",\"@id\":\"https:\\\/\\\/fortidelrourell.es\\\/ca\\\/#website\",\"url\":\"https:\\\/\\\/fortidelrourell.es\\\/ca\\\/\",\"name\":\"Forti del Rourell\",\"description\":\"Una experiencia \u00fanica en un entorno privilegiado.\",\"potentialAction\":[{\"@type\":\"SearchAction\",\"target\":{\"@type\":\"EntryPoint\",\"urlTemplate\":\"https:\\\/\\\/fortidelrourell.es\\\/ca\\\/?s={search_term_string}\"},\"query-input\":{\"@type\":\"PropertyValueSpecification\",\"valueRequired\":true,\"valueName\":\"search_term_string\"}}],\"inLanguage\":\"ca\"},{\"@type\":\"Person\",\"@id\":\"https:\\\/\\\/fortidelrourell.es\\\/ca\\\/#\\\/schema\\\/person\\\/f3c85889904bf6b3c850209b3a07b205\",\"name\":\"Ariadna Belmonte\",\"image\":{\"@type\":\"ImageObject\",\"inLanguage\":\"ca\",\"@id\":\"https:\\\/\\\/secure.gravatar.com\\\/avatar\\\/88a4e670eb7b487d0d773b3e21701535dddb29c6936349f60bf288306beb276e?s=96&d=mm&r=g\",\"url\":\"https:\\\/\\\/secure.gravatar.com\\\/avatar\\\/88a4e670eb7b487d0d773b3e21701535dddb29c6936349f60bf288306beb276e?s=96&d=mm&r=g\",\"contentUrl\":\"https:\\\/\\\/secure.gravatar.com\\\/avatar\\\/88a4e670eb7b487d0d773b3e21701535dddb29c6936349f60bf288306beb276e?s=96&d=mm&r=g\",\"caption\":\"Ariadna Belmonte\"}}]}<\/script>\n<!-- \/ Yoast SEO plugin. -->","yoast_head_json":{"title":"El Casament d'en Julio i l'Al\u00edcia: Un Somni Fet Realitat - Forti del Rourell","description":"Descobreix com en Julio i l'Al\u00edcia van celebrar el seu amor el 6 de juny, rodejats de natura i moments inoblidables.","robots":{"index":"index","follow":"follow","max-snippet":"max-snippet:-1","max-image-preview":"max-image-preview:large","max-video-preview":"max-video-preview:-1"},"canonical":"https:\/\/fortidelrourell.es\/ca\/el-casament-de-julio-i-alicia-un-somni-fet-realitat\/","og_locale":"ca_ES","og_type":"article","og_title":"El Casament d'en Julio i l'Al\u00edcia: Un Somni Fet Realitat - Forti del Rourell","og_description":"Descobreix com en Julio i l'Al\u00edcia van celebrar el seu amor el 6 de juny, rodejats de natura i moments inoblidables.","og_url":"https:\/\/fortidelrourell.es\/ca\/el-casament-de-julio-i-alicia-un-somni-fet-realitat\/","og_site_name":"Forti del Rourell","article_published_time":"2024-12-02T09:30:56+00:00","article_modified_time":"2024-12-09T08:12:50+00:00","og_image":[{"width":2560,"height":1706,"url":"https:\/\/fortidelrourell.es\/wp-content\/uploads\/2024\/12\/ADELANTO_00029_11zon_11zon-scaled.webp","type":"image\/webp"}],"author":"Ariadna Belmonte","twitter_card":"summary_large_image","twitter_misc":{"Escrit per":"Ariadna Belmonte","Temps estimat de lectura":"20 minuts"},"schema":{"@context":"https:\/\/schema.org","@graph":[{"@type":"Article","@id":"https:\/\/fortidelrourell.es\/ca\/el-casament-de-julio-i-alicia-un-somni-fet-realitat\/#article","isPartOf":{"@id":"https:\/\/fortidelrourell.es\/ca\/el-casament-de-julio-i-alicia-un-somni-fet-realitat\/"},"author":{"name":"Ariadna Belmonte","@id":"https:\/\/fortidelrourell.es\/ca\/#\/schema\/person\/f3c85889904bf6b3c850209b3a07b205"},"headline":"El Casament d&#8217;en Julio i l&#8217;Al\u00edcia: Un Somni Fet Realitat","datePublished":"2024-12-02T09:30:56+00:00","dateModified":"2024-12-09T08:12:50+00:00","mainEntityOfPage":{"@id":"https:\/\/fortidelrourell.es\/ca\/el-casament-de-julio-i-alicia-un-somni-fet-realitat\/"},"wordCount":3951,"commentCount":0,"image":{"@id":"https:\/\/fortidelrourell.es\/ca\/el-casament-de-julio-i-alicia-un-somni-fet-realitat\/#primaryimage"},"thumbnailUrl":"https:\/\/fortidelrourell.es\/wp-content\/uploads\/2024\/12\/ADELANTO_00029_11zon_11zon-scaled.webp","articleSection":["Bodes Reals"],"inLanguage":"ca","potentialAction":[{"@type":"CommentAction","name":"Comment","target":["https:\/\/fortidelrourell.es\/ca\/el-casament-de-julio-i-alicia-un-somni-fet-realitat\/#respond"]}]},{"@type":"WebPage","@id":"https:\/\/fortidelrourell.es\/ca\/el-casament-de-julio-i-alicia-un-somni-fet-realitat\/","url":"https:\/\/fortidelrourell.es\/ca\/el-casament-de-julio-i-alicia-un-somni-fet-realitat\/","name":"El Casament d'en Julio i l'Al\u00edcia: Un Somni Fet Realitat - Forti del Rourell","isPartOf":{"@id":"https:\/\/fortidelrourell.es\/ca\/#website"},"primaryImageOfPage":{"@id":"https:\/\/fortidelrourell.es\/ca\/el-casament-de-julio-i-alicia-un-somni-fet-realitat\/#primaryimage"},"image":{"@id":"https:\/\/fortidelrourell.es\/ca\/el-casament-de-julio-i-alicia-un-somni-fet-realitat\/#primaryimage"},"thumbnailUrl":"https:\/\/fortidelrourell.es\/wp-content\/uploads\/2024\/12\/ADELANTO_00029_11zon_11zon-scaled.webp","datePublished":"2024-12-02T09:30:56+00:00","dateModified":"2024-12-09T08:12:50+00:00","author":{"@id":"https:\/\/fortidelrourell.es\/ca\/#\/schema\/person\/f3c85889904bf6b3c850209b3a07b205"},"description":"Descobreix com en Julio i l'Al\u00edcia van celebrar el seu amor el 6 de juny, rodejats de natura i moments inoblidables.","breadcrumb":{"@id":"https:\/\/fortidelrourell.es\/ca\/el-casament-de-julio-i-alicia-un-somni-fet-realitat\/#breadcrumb"},"inLanguage":"ca","potentialAction":[{"@type":"ReadAction","target":["https:\/\/fortidelrourell.es\/ca\/el-casament-de-julio-i-alicia-un-somni-fet-realitat\/"]}]},{"@type":"ImageObject","inLanguage":"ca","@id":"https:\/\/fortidelrourell.es\/ca\/el-casament-de-julio-i-alicia-un-somni-fet-realitat\/#primaryimage","url":"https:\/\/fortidelrourell.es\/wp-content\/uploads\/2024\/12\/ADELANTO_00029_11zon_11zon-scaled.webp","contentUrl":"https:\/\/fortidelrourell.es\/wp-content\/uploads\/2024\/12\/ADELANTO_00029_11zon_11zon-scaled.webp","width":2560,"height":1706,"caption":"La Boda de Julio y Alicia"},{"@type":"BreadcrumbList","@id":"https:\/\/fortidelrourell.es\/ca\/el-casament-de-julio-i-alicia-un-somni-fet-realitat\/#breadcrumb","itemListElement":[{"@type":"ListItem","position":1,"name":"Portada","item":"https:\/\/fortidelrourell.es\/ca\/"},{"@type":"ListItem","position":2,"name":"El Casament d&#8217;en Julio i l&#8217;Al\u00edcia: Un Somni Fet Realitat"}]},{"@type":"WebSite","@id":"https:\/\/fortidelrourell.es\/ca\/#website","url":"https:\/\/fortidelrourell.es\/ca\/","name":"Forti del Rourell","description":"Una experiencia \u00fanica en un entorno privilegiado.","potentialAction":[{"@type":"SearchAction","target":{"@type":"EntryPoint","urlTemplate":"https:\/\/fortidelrourell.es\/ca\/?s={search_term_string}"},"query-input":{"@type":"PropertyValueSpecification","valueRequired":true,"valueName":"search_term_string"}}],"inLanguage":"ca"},{"@type":"Person","@id":"https:\/\/fortidelrourell.es\/ca\/#\/schema\/person\/f3c85889904bf6b3c850209b3a07b205","name":"Ariadna Belmonte","image":{"@type":"ImageObject","inLanguage":"ca","@id":"https:\/\/secure.gravatar.com\/avatar\/88a4e670eb7b487d0d773b3e21701535dddb29c6936349f60bf288306beb276e?s=96&d=mm&r=g","url":"https:\/\/secure.gravatar.com\/avatar\/88a4e670eb7b487d0d773b3e21701535dddb29c6936349f60bf288306beb276e?s=96&d=mm&r=g","contentUrl":"https:\/\/secure.gravatar.com\/avatar\/88a4e670eb7b487d0d773b3e21701535dddb29c6936349f60bf288306beb276e?s=96&d=mm&r=g","caption":"Ariadna Belmonte"}}]}},"_links":{"self":[{"href":"https:\/\/fortidelrourell.es\/ca\/wp-json\/wp\/v2\/posts\/16477","targetHints":{"allow":["GET"]}}],"collection":[{"href":"https:\/\/fortidelrourell.es\/ca\/wp-json\/wp\/v2\/posts"}],"about":[{"href":"https:\/\/fortidelrourell.es\/ca\/wp-json\/wp\/v2\/types\/post"}],"author":[{"embeddable":true,"href":"https:\/\/fortidelrourell.es\/ca\/wp-json\/wp\/v2\/users\/118"}],"replies":[{"embeddable":true,"href":"https:\/\/fortidelrourell.es\/ca\/wp-json\/wp\/v2\/comments?post=16477"}],"version-history":[{"count":0,"href":"https:\/\/fortidelrourell.es\/ca\/wp-json\/wp\/v2\/posts\/16477\/revisions"}],"wp:featuredmedia":[{"embeddable":true,"href":"https:\/\/fortidelrourell.es\/ca\/wp-json\/wp\/v2\/media\/16482"}],"wp:attachment":[{"href":"https:\/\/fortidelrourell.es\/ca\/wp-json\/wp\/v2\/media?parent=16477"}],"wp:term":[{"taxonomy":"category","embeddable":true,"href":"https:\/\/fortidelrourell.es\/ca\/wp-json\/wp\/v2\/categories?post=16477"},{"taxonomy":"post_tag","embeddable":true,"href":"https:\/\/fortidelrourell.es\/ca\/wp-json\/wp\/v2\/tags?post=16477"}],"curies":[{"name":"wp","href":"https:\/\/api.w.org\/{rel}","templated":true}]}}