{"id":16255,"date":"2024-11-26T17:04:09","date_gmt":"2024-11-26T17:04:09","guid":{"rendered":"https:\/\/fortidelrourell.es\/la-boda-de-bea-y-laura-un-amor-sin-ataduras\/"},"modified":"2025-02-14T11:21:51","modified_gmt":"2025-02-14T11:21:51","slug":"la-boda-de-la-bea-i-la-laura-un-amor-ssense-lligams","status":"publish","type":"post","link":"https:\/\/fortidelrourell.es\/ca\/la-boda-de-la-bea-i-la-laura-un-amor-ssense-lligams\/","title":{"rendered":"La boda de la Bea i la Laura: un amor sense lligams"},"content":{"rendered":"<p>[et_pb_section fb_built=\u00bb1&#8243; custom_padding_last_edited=\u00bboff|desktop\u00bb admin_label=\u00bbHero\u00bb _builder_version=\u00bb4.27.3&#8243; use_background_color_gradient=\u00bbon\u00bb background_color_gradient_direction=\u00bb166deg\u00bb background_color_gradient_stops=\u00bbrgba(0,0,0,0.79) 14%|rgba(255,255,255,0.52) 100%\u00bb background_color_gradient_overlays_image=\u00bbon\u00bb background_color_gradient_start=\u00bbrgba(0,0,0,0.79)\u00bb background_color_gradient_start_position=\u00bb16%\u00bb background_color_gradient_end=\u00bbrgba(255,255,255,0.52)\u00bb background_image=\u00bbhttps:\/\/fortidelrourell.es\/wp-content\/uploads\/2024\/11\/BeaLauBoda-483.webp\u00bb background_enable_video_mp4=\u00bboff\u00bb custom_padding=\u00bb10%||10%|\u00bb global_colors_info=\u00bb{}\u00bb][et_pb_row _builder_version=\u00bb4.16&#8243; background_size=\u00bbinitial\u00bb background_position=\u00bbtop_left\u00bb background_repeat=\u00bbrepeat\u00bb custom_margin=\u00bb|||\u00bb global_colors_info=\u00bb{}\u00bb][et_pb_column type=\u00bb4_4&#8243; _builder_version=\u00bb4.16&#8243; custom_padding=\u00bb|||\u00bb global_colors_info=\u00bb{}\u00bb custom_padding__hover=\u00bb|||\u00bb][et_pb_text admin_label=\u00bbTitle\u00bb _builder_version=\u00bb4.27.3&#8243; text_font=\u00bb||||||||\u00bb header_font=\u00bbEB Garamond|700|||||||\u00bb header_font_size=\u00bb64px\u00bb header_2_font=\u00bb&#8211;et_global_heading_font|700|||||||\u00bb header_2_font_size=\u00bb64px\u00bb background_layout=\u00bbdark\u00bb max_width=\u00bb600px\u00bb animation_style=\u00bbfade\u00bb animation_direction=\u00bbbottom\u00bb animation_delay=\u00bb50ms\u00bb animation_starting_opacity=\u00bb100%\u00bb hover_enabled=\u00bb0&#8243; global_colors_info=\u00bb{}\u00bb sticky_enabled=\u00bb0&#8243;]<\/p>\n<h2>Un amor sense lligams<\/h2>\n<p>[\/et_pb_text][et_pb_text _builder_version=\u00bb4.27.3&#8243; text_font=\u00bbHelvetica Neue Condensed|500|||||||\u00bb text_font_size=\u00bb26px\u00bb text_line_height=\u00bb1.8em\u00bb header_font=\u00bb||||||||\u00bb background_layout=\u00bbdark\u00bb max_width=\u00bb600px\u00bb animation_style=\u00bbfade\u00bb animation_direction=\u00bbbottom\u00bb animation_delay=\u00bb100ms\u00bb animation_starting_opacity=\u00bb100%\u00bb hover_enabled=\u00bb0&#8243; global_colors_info=\u00bb{}\u00bb sticky_enabled=\u00bb0&#8243;]<\/p>\n<h2>\u00abI aix\u00ed comen\u00e7a, ja s\u00f3c la teva gran c\u00f2mplice, el teu present i el teu futur.\u00bb<\/h2>\n<p>[\/et_pb_text][\/et_pb_column][\/et_pb_row][\/et_pb_section][et_pb_section fb_built=\u00bb1&#8243; custom_padding_last_edited=\u00bbon|desktop\u00bb admin_label=\u00bbAbout Recipe\u00bb _builder_version=\u00bb4.27.3&#8243; use_background_color_gradient=\u00bbon\u00bb background_color_gradient_stops=\u00bb#cad8e5 0%|rgba(0,0,0,0) 100%\u00bb background_color_gradient_start=\u00bb#cad8e5&#8243; background_color_gradient_end=\u00bbrgba(0,0,0,0)\u00bb background_enable_image=\u00bboff\u00bb background_size=\u00bbinitial\u00bb background_position=\u00bbtop_left\u00bb background_blend=\u00bbsoft-light\u00bb custom_padding=\u00bb0px|0px|0px|0px|false|false\u00bb custom_padding_tablet=\u00bb||0px|\u00bb custom_padding_phone=\u00bb\u00bb global_colors_info=\u00bb{}\u00bb][et_pb_row _builder_version=\u00bb4.27.3&#8243; _module_preset=\u00bbdefault\u00bb custom_margin=\u00bb||||false|false\u00bb custom_padding=\u00bb|50px||50px|false|true\u00bb global_colors_info=\u00bb{}\u00bb][et_pb_column type=\u00bb4_4&#8243; _builder_version=\u00bb4.16&#8243; _module_preset=\u00bbdefault\u00bb global_colors_info=\u00bb{}\u00bb][et_pb_text _builder_version=\u00bb4.27.3&#8243; _module_preset=\u00bbdefault\u00bb link_text_align=\u00bbcenter\u00bb ul_text_align=\u00bbcenter\u00bb ol_text_align=\u00bbcenter\u00bb quote_text_align=\u00bbcenter\u00bb header_font=\u00bbEB Garamond||||||||\u00bb header_text_align=\u00bbcenter\u00bb header_font_size=\u00bb36px\u00bb header_2_text_align=\u00bbcenter\u00bb header_3_text_align=\u00bbcenter\u00bb header_3_font_size=\u00bb40px\u00bb header_3_line_height=\u00bb1.3em\u00bb header_4_text_align=\u00bbcenter\u00bb header_5_text_align=\u00bbcenter\u00bb header_6_text_align=\u00bbcenter\u00bb text_orientation=\u00bbcenter\u00bb module_alignment=\u00bbcenter\u00bb hover_enabled=\u00bb0&#8243; global_colors_info=\u00bb{}\u00bb sticky_enabled=\u00bb0&#8243;]<\/p>\n<h3 style=\"text-align: center;\">Aix\u00ed va ser la boda de conte de la Bea i la Laura<strong><\/strong><\/h3>\n<p>[\/et_pb_text][et_pb_text _builder_version=\u00bb4.27.3&#8243; text_font=\u00bbHelvetica Neue Condensed|500|||||||\u00bb text_text_color=\u00bb#1e1e1e\u00bb text_font_size=\u00bb17px\u00bb text_line_height=\u00bb1.8em\u00bb text_orientation=\u00bbcenter\u00bb animation_style=\u00bbfade\u00bb animation_direction=\u00bbleft\u00bb animation_starting_opacity=\u00bb100%\u00bb hover_enabled=\u00bb0&#8243; global_colors_info=\u00bb{}\u00bb sticky_enabled=\u00bb0&#8243;]<\/p>\n<p>Quan la Bea i la Laura van imaginar el seu gran dia, van somiar amb quelcom especial:<br \/>un lloc que combin\u00e9s hist\u00f2ria, natura i la calidesa dels seus \u00e9ssers estimats.<\/p>\n<p>Aquest somni es va fer realitat el 22 de juny de 2024, al <span style=\"color: #000000;\"><a href=\"\/\" style=\"color: #000000;\">Fort\u00ed del Rourell<\/a><\/span>.<\/p>\n<p>[\/et_pb_text][\/et_pb_column][\/et_pb_row][\/et_pb_section][et_pb_section fb_built=\u00bb1&#8243; admin_label=\u00bbFeatured Recipe Section\u00bb _builder_version=\u00bb4.27.3&#8243; background_image=\u00bbhttps:\/\/fortidelrourell.es\/wp-content\/uploads\/2024\/11\/BeaLauBoda-355.webp\u00bb custom_padding=\u00bb178px|0px|236px|0px||\u00bb locked=\u00bboff\u00bb global_colors_info=\u00bb{}\u00bb][et_pb_row column_structure=\u00bb1_2,1_2&#8243; _builder_version=\u00bb4.16&#8243; custom_margin=\u00bb|||\u00bb custom_padding=\u00bb|||\u00bb animation_style=\u00bbfade\u00bb global_colors_info=\u00bb{}\u00bb][et_pb_column type=\u00bb1_2&#8243; _builder_version=\u00bb4.16&#8243; custom_padding=\u00bb|||\u00bb global_colors_info=\u00bb{}\u00bb custom_padding__hover=\u00bb|||\u00bb][\/et_pb_column][et_pb_column type=\u00bb1_2&#8243; _builder_version=\u00bb4.16&#8243; background_color=\u00bb#ffffff\u00bb custom_padding=\u00bb30px|45px|30px|45px\u00bb custom_padding_tablet=\u00bb\u00bb custom_padding_phone=\u00bb30px|30px|30px|30px\u00bb custom_padding_last_edited=\u00bbon|desktop\u00bb global_colors_info=\u00bb{}\u00bb padding_phone=\u00bb30px|30px|30px|30px\u00bb padding_last_edited=\u00bbon|desktop\u00bb custom_padding__hover=\u00bb|||\u00bb][et_pb_text _builder_version=\u00bb4.27.3&#8243; text_font=\u00bbHelvetica Neue Condensed|600||on|||||\u00bb text_text_color=\u00bb#cad8e5&#8243; text_font_size=\u00bb18px\u00bb custom_margin=\u00bb|||\u00bb animation_style=\u00bbfade\u00bb hover_enabled=\u00bb0&#8243; global_colors_info=\u00bb{}\u00bb sticky_enabled=\u00bb0&#8243;]<\/p>\n<p>a l&#8217;aire lliure<\/p>\n<p>[\/et_pb_text][et_pb_text _builder_version=\u00bb4.27.3&#8243; header_font=\u00bb||||||||\u00bb header_2_font=\u00bbEB Garamond|600|||||||\u00bb header_2_text_color=\u00bb#1e1e1&#8243; header_2_font_size=\u00bb36px\u00bb header_2_line_height=\u00bb1.3em\u00bb header_3_font=\u00bb|600|||||||\u00bb header_3_font_size=\u00bb40px\u00bb header_3_line_height=\u00bb1.2em\u00bb custom_margin=\u00bb||0px||false|false\u00bb custom_padding=\u00bb||13px|||\u00bb animation_style=\u00bbfade\u00bb hover_enabled=\u00bb0&#8243; global_colors_info=\u00bb{}\u00bb sticky_enabled=\u00bb0&#8243;]<\/p>\n<h3>Cerim\u00f2nia<\/h3>\n<p>[\/et_pb_text][et_pb_text _builder_version=\u00bb4.27.3&#8243; text_font=\u00bbHelvetica Neue Condensed|500|||||||\u00bb text_text_color=\u00bb#000000&#8243; text_font_size=\u00bb17px\u00bb text_line_height=\u00bb1.8em\u00bb header_font=\u00bb||||||||\u00bb background_layout=\u00bbdark\u00bb max_width=\u00bb600px\u00bb animation_style=\u00bbfade\u00bb animation_delay=\u00bb100ms\u00bb animation_starting_opacity=\u00bb100%\u00bb hover_enabled=\u00bb0&#8243; global_colors_info=\u00bb{}\u00bb sticky_enabled=\u00bb0&#8243;]<\/p>\n<p>Els vots de la parella van arrencar rialles, ll\u00e0grimes i aplaudiments. L\u2019ambient estava carregat d\u2019emocions, i el paisatge id\u00edl\u00b7lic nom\u00e9s va fer que aquell moment fos encara m\u00e9s memorable.<\/p>\n<p>[\/et_pb_text][\/et_pb_column][\/et_pb_row][\/et_pb_section][et_pb_section fb_built=\u00bb1&#8243; admin_label=\u00bbFeatures\u00bb _builder_version=\u00bb4.16&#8243; custom_margin=\u00bb-2px||||false|false\u00bb custom_padding=\u00bb1px||0px|||\u00bb locked=\u00bboff\u00bb global_colors_info=\u00bb{}\u00bb][et_pb_row _builder_version=\u00bb4.27.3&#8243; _module_preset=\u00bbdefault\u00bb custom_margin=\u00bb||30px||false|false\u00bb global_colors_info=\u00bb{}\u00bb][et_pb_column type=\u00bb4_4&#8243; _builder_version=\u00bb4.16&#8243; _module_preset=\u00bbdefault\u00bb global_colors_info=\u00bb{}\u00bb][et_pb_text _builder_version=\u00bb4.27.3&#8243; text_font=\u00bb||||||||\u00bb text_line_height=\u00bb2em\u00bb header_font=\u00bb||||||||\u00bb header_2_font=\u00bbEB Garamond|600|||||||\u00bb header_2_font_size=\u00bb36px\u00bb header_2_line_height=\u00bb1.4em\u00bb header_3_font=\u00bbEB Garamond|600|||||||\u00bb header_3_font_size=\u00bb36px\u00bb header_4_font=\u00bbHelvetica Neue Condensed|600||on|||||\u00bb header_4_text_color=\u00bb#cad8e5&#8243; header_4_line_height=\u00bb1.4em\u00bb hover_enabled=\u00bb0&#8243; header_2_font_size_tablet=\u00bb26px\u00bb header_2_font_size_phone=\u00bb20px\u00bb header_2_font_size_last_edited=\u00bbon|phone\u00bb locked=\u00bboff\u00bb global_colors_info=\u00bb{}\u00bb sticky_enabled=\u00bb0&#8243;]<\/p>\n<h4 style=\"text-align: center;\">el banquet<\/h4>\n<h3 style=\"text-align: center;\">Un aut\u00e8ntic fest\u00ed<\/h3>\n<p>[\/et_pb_text][et_pb_text _builder_version=\u00bb4.27.3&#8243; _module_preset=\u00bbdefault\u00bb text_font=\u00bbHelvetica Neue Condensed|500|||||||\u00bb text_text_color=\u00bb#000000&#8243; text_font_size=\u00bb17px\u00bb text_line_height=\u00bb1.8em\u00bb text_orientation=\u00bbcenter\u00bb background_layout=\u00bbdark\u00bb hover_enabled=\u00bb0&#8243; global_colors_info=\u00bb{}\u00bb sticky_enabled=\u00bb0&#8243;]<\/p>\n<p>Va ser una celebraci\u00f3 de sabors locals amb un toc modern, pensada per delectar els convidats.<br \/>Els discursos i les an\u00e8cdotes compartides van omplir l\u2019aire de rialles, que semblaven reflectir la felicitat de la Bea i la Laura.<\/p>\n<p>[\/et_pb_text][\/et_pb_column][\/et_pb_row][\/et_pb_section][et_pb_section fb_built=\u00bb1&#8243; admin_label=\u00bbFeatures\u00bb _builder_version=\u00bb4.27.3&#8243; background_color=\u00bb#f7f3f2&#8243; min_height=\u00bb830.2px\u00bb custom_margin=\u00bb-2px||||false|false\u00bb custom_padding=\u00bb1px||5px|||\u00bb locked=\u00bboff\u00bb global_colors_info=\u00bb{}\u00bb][et_pb_row column_structure=\u00bb1_2,1_2&#8243; use_custom_gutter=\u00bbon\u00bb gutter_width=\u00bb1&#8243; custom_padding_last_edited=\u00bbon|phone\u00bb _builder_version=\u00bb4.27.3&#8243; background_color=\u00bb#CAD8E5&#8243; background_color_gradient_direction=\u00bb110deg\u00bb background_image=\u00bbhttps:\/\/fortidelrourell.es\/wp-content\/uploads\/2022\/05\/wedding_engagement_38.png\u00bb background_size=\u00bbcontain\u00bb background_position=\u00bbbottom_center\u00bb width=\u00bb70%\u00bb custom_margin=\u00bb|||\u00bb custom_padding=\u00bb0|0px|250px|0px|false|false\u00bb custom_padding_tablet=\u00bb||200px|\u00bb custom_padding_phone=\u00bb||120px\u00bb global_colors_info=\u00bb{}\u00bb][et_pb_column type=\u00bb1_2&#8243; _builder_version=\u00bb4.16&#8243; custom_padding=\u00bb|||\u00bb global_colors_info=\u00bb{}\u00bb custom_padding__hover=\u00bb|||\u00bb][et_pb_image src=\u00bbhttps:\/\/fortidelrourell.es\/wp-content\/uploads\/2024\/11\/BeaLauBoda-452.webp\u00bb alt=\u00bbboda en castillo medieval\u00bb title_text=\u00bbBeaLauBoda-452&#8243; align_tablet=\u00bbcenter\u00bb align_phone=\u00bb\u00bb align_last_edited=\u00bbon|desktop\u00bb _builder_version=\u00bb4.27.3&#8243; custom_margin=\u00bb-30px|-6vw||\u00bb animation_direction=\u00bbtop\u00bb box_shadow_style=\u00bbpreset3&#8243; box_shadow_vertical=\u00bb40px\u00bb box_shadow_blur=\u00bb200px\u00bb box_shadow_spread=\u00bb-20px\u00bb locked=\u00bboff\u00bb global_colors_info=\u00bb{}\u00bb][\/et_pb_image][\/et_pb_column][et_pb_column type=\u00bb1_2&#8243; _builder_version=\u00bb4.16&#8243; custom_padding=\u00bb|||\u00bb global_colors_info=\u00bb{}\u00bb custom_padding__hover=\u00bb|||\u00bb][et_pb_image src=\u00bbhttps:\/\/fortidelrourell.es\/wp-content\/uploads\/2024\/11\/BeaLauBoda-697.webp\u00bb alt=\u00bbbodas forti del rourell\u00bb title_text=\u00bbBeaLauBoda-697&#8243; align_tablet=\u00bbcenter\u00bb align_phone=\u00bb\u00bb align_last_edited=\u00bbon|desktop\u00bb _builder_version=\u00bb4.27.3&#8243; z_index=\u00bb98&#8243; custom_margin=\u00bb|-3vw||\u00bb animation_style=\u00bbslide\u00bb animation_direction=\u00bbbottom\u00bb animation_intensity_slide=\u00bb2%\u00bb box_shadow_style=\u00bbpreset3&#8243; box_shadow_horizontal=\u00bb-50px\u00bb box_shadow_vertical=\u00bb40px\u00bb box_shadow_blur=\u00bb120px\u00bb box_shadow_spread=\u00bb-20px\u00bb box_shadow_color=\u00bbrgba(0,0,0,0.44)\u00bb locked=\u00bboff\u00bb global_colors_info=\u00bb{}\u00bb][\/et_pb_image][\/et_pb_column][\/et_pb_row][\/et_pb_section][et_pb_section fb_built=\u00bb1&#8243; admin_label=\u00bbFeatures\u00bb _builder_version=\u00bb4.16&#8243; custom_margin=\u00bb-2px||||false|false\u00bb custom_padding=\u00bb3px||0px|||\u00bb locked=\u00bboff\u00bb global_colors_info=\u00bb{}\u00bb][et_pb_row _builder_version=\u00bb4.16&#8243; _module_preset=\u00bbdefault\u00bb global_colors_info=\u00bb{}\u00bb][et_pb_column type=\u00bb4_4&#8243; _builder_version=\u00bb4.16&#8243; _module_preset=\u00bbdefault\u00bb global_colors_info=\u00bb{}\u00bb][et_pb_text _builder_version=\u00bb4.27.3&#8243; text_font=\u00bb||||||||\u00bb text_line_height=\u00bb2em\u00bb header_font=\u00bb||||||||\u00bb header_2_font=\u00bbEB Garamond|600|||||||\u00bb header_2_font_size=\u00bb36px\u00bb header_2_line_height=\u00bb1.4em\u00bb header_3_font=\u00bbEB Garamond|600|||||||\u00bb header_3_font_size=\u00bb36px\u00bb header_4_font=\u00bbHelvetica Neue Condensed|600||on|||||\u00bb header_4_text_color=\u00bb#cad8e5&#8243; header_4_line_height=\u00bb1.4em\u00bb hover_enabled=\u00bb0&#8243; header_2_font_size_tablet=\u00bb26px\u00bb header_2_font_size_phone=\u00bb20px\u00bb header_2_font_size_last_edited=\u00bbon|phone\u00bb locked=\u00bboff\u00bb global_colors_info=\u00bb{}\u00bb sticky_enabled=\u00bb0&#8243;]<\/p>\n<h4 style=\"text-align: center;\">EL TOC FINAL<\/h4>\n<h3 style=\"text-align: center;\">Vam acabar el gran dia de manera euf\u00f2rica: la festa<\/h3>\n<p>[\/et_pb_text][et_pb_text _builder_version=\u00bb4.27.3&#8243; _module_preset=\u00bbdefault\u00bb text_font=\u00bbHelvetica Neue Condensed|500|||||||\u00bb text_text_color=\u00bb#000000&#8243; text_font_size=\u00bb17px\u00bb text_line_height=\u00bb1.8em\u00bb text_orientation=\u00bbcenter\u00bb background_layout=\u00bbdark\u00bb custom_padding=\u00bb||0px|||\u00bb hover_enabled=\u00bb0&#8243; global_colors_info=\u00bb{}\u00bb sticky_enabled=\u00bb0&#8243;]<\/p>\n<p>Amb una pista de ball ben plena de gent, la m\u00fasica va encomanar a tothom i va convertir la nit en una experi\u00e8ncia inoblidable.<\/p>\n<p>El Fort\u00ed del Rourell no nom\u00e9s va ser l\u2019escenari del casament, sin\u00f3 tamb\u00e9 testimoni d\u2019una hist\u00f2ria d\u2019amor que continuar\u00e0 creixent.<\/p>\n<p>[\/et_pb_text][et_pb_image src=\u00bbhttps:\/\/fortidelrourell.es\/wp-content\/uploads\/2024\/11\/BeaLauBoda-809.webp\u00bb title_text=\u00bbBeaLauBoda-809&#8243; _builder_version=\u00bb4.27.3&#8243; _module_preset=\u00bbdefault\u00bb global_colors_info=\u00bb{}\u00bb][\/et_pb_image][\/et_pb_column][\/et_pb_row][\/et_pb_section][et_pb_section fb_built=\u00bb1&#8243; _builder_version=\u00bb4.16&#8243; _module_preset=\u00bbdefault\u00bb custom_padding=\u00bb2px|||||\u00bb scroll_vertical_motion=\u00bb0|50|50|100|1|0|-1&#8243; locked=\u00bboff\u00bb global_colors_info=\u00bb{}\u00bb][et_pb_row _builder_version=\u00bb4.16&#8243; _module_preset=\u00bbdefault\u00bb custom_margin=\u00bb|auto|-33px|auto||\u00bb global_colors_info=\u00bb{}\u00bb][et_pb_column type=\u00bb4_4&#8243; _builder_version=\u00bb4.16&#8243; _module_preset=\u00bbdefault\u00bb global_colors_info=\u00bb{}\u00bb][et_pb_text admin_label=\u00bbTitle\u00bb _builder_version=\u00bb4.27.3&#8243; text_font=\u00bbPT Sans|700|||||||\u00bb text_text_color=\u00bb#1e1e1e\u00bb text_font_size=\u00bb30px\u00bb text_line_height=\u00bb1.8em\u00bb header_font=\u00bb||||||||\u00bb header_3_font=\u00bbEB Garamond|600|||||||\u00bb header_3_font_size=\u00bb36px\u00bb header_3_line_height=\u00bb1.4em\u00bb custom_margin=\u00bb||14px|||\u00bb animation_style=\u00bbfade\u00bb animation_direction=\u00bbleft\u00bb animation_starting_opacity=\u00bb100%\u00bb hover_enabled=\u00bb0&#8243; global_colors_info=\u00bb{}\u00bb sticky_enabled=\u00bb0&#8243;]<\/p>\n<h3 style=\"text-align: center;\">La boda de la Laura i la Bea: un amor sense lligams al<\/h3>\n<h3 style=\"text-align: center;\">Fort\u00ed del Rourell<\/h3>\n<p>[\/et_pb_text][et_pb_text _builder_version=\u00bb4.27.3&#8243; _module_preset=\u00bbdefault\u00bb text_font=\u00bbHelvetica Neue Condensed|500|||||||\u00bb text_text_color=\u00bb#000000&#8243; text_font_size=\u00bb17px\u00bb text_line_height=\u00bb1.8em\u00bb text_orientation=\u00bbcenter\u00bb background_layout=\u00bbdark\u00bb custom_padding=\u00bb||0px|||\u00bb hover_enabled=\u00bb0&#8243; global_colors_info=\u00bb{}\u00bb sticky_enabled=\u00bb0&#8243;]<\/p>\n<p>Fotos cedides por <span style=\"color: #000000;\"><a href=\"https:\/\/www.fpfilms.es\/\" style=\"color: #000000;\">FP Films<\/a><\/span>.<\/p>\n<p>[\/et_pb_text][\/et_pb_column][\/et_pb_row][et_pb_row column_structure=\u00bb1_2,1_2&#8243; _builder_version=\u00bb4.16&#8243; width=\u00bb100%\u00bb max_width=\u00bb1400px\u00bb custom_margin=\u00bb|auto|-20px|auto||\u00bb locked=\u00bboff\u00bb global_colors_info=\u00bb{}\u00bb][et_pb_column type=\u00bb1_2&#8243; _builder_version=\u00bb4.16&#8243; custom_padding=\u00bb|||\u00bb global_colors_info=\u00bb{}\u00bb custom_padding__hover=\u00bb|||\u00bb][et_pb_image src=\u00bbhttps:\/\/fortidelrourell.es\/wp-content\/uploads\/2024\/11\/BeaLauBoda-734.webp\u00bb alt=\u00bbbodas forti del rourell\u00bb title_text=\u00bbBeaLauBoda-734&#8243; show_in_lightbox=\u00bbon\u00bb use_overlay=\u00bbon\u00bb overlay_icon_color=\u00bb#CAD8E5&#8243; hover_overlay_color=\u00bbrgba(255,255,255,0.2)\u00bb force_fullwidth=\u00bbon\u00bb align_tablet=\u00bbcenter\u00bb align_phone=\u00bb\u00bb align_last_edited=\u00bbon|desktop\u00bb _builder_version=\u00bb4.27.3&#8243; global_colors_info=\u00bb{}\u00bb][\/et_pb_image][et_pb_image src=\u00bbhttps:\/\/fortidelrourell.es\/wp-content\/uploads\/2024\/11\/BeaLauBoda-694.webp\u00bb title_text=\u00bbBeaLauBoda-694&#8243; show_in_lightbox=\u00bbon\u00bb use_overlay=\u00bbon\u00bb overlay_icon_color=\u00bb#CAD8E5&#8243; hover_overlay_color=\u00bbrgba(255,255,255,0.2)\u00bb force_fullwidth=\u00bbon\u00bb align_tablet=\u00bbcenter\u00bb align_phone=\u00bb\u00bb align_last_edited=\u00bbon|desktop\u00bb _builder_version=\u00bb4.27.3&#8243; locked=\u00bboff\u00bb global_colors_info=\u00bb{}\u00bb][\/et_pb_image][et_pb_image src=\u00bbhttps:\/\/fortidelrourell.es\/wp-content\/uploads\/2024\/11\/BeaLauBoda-833.webp\u00bb title_text=\u00bbBeaLauBoda-833&#8243; show_in_lightbox=\u00bbon\u00bb use_overlay=\u00bbon\u00bb overlay_icon_color=\u00bb#CAD8E5&#8243; hover_overlay_color=\u00bbrgba(255,255,255,0.2)\u00bb force_fullwidth=\u00bbon\u00bb align_tablet=\u00bbcenter\u00bb align_phone=\u00bb\u00bb align_last_edited=\u00bbon|desktop\u00bb _builder_version=\u00bb4.27.3&#8243; locked=\u00bboff\u00bb global_colors_info=\u00bb{}\u00bb][\/et_pb_image][et_pb_image src=\u00bbhttps:\/\/fortidelrourell.es\/wp-content\/uploads\/2024\/11\/BeaLauBoda-220.webp\u00bb title_text=\u00bbBeaLauBoda-220&#8243; show_in_lightbox=\u00bbon\u00bb use_overlay=\u00bbon\u00bb overlay_icon_color=\u00bb#CAD8E5&#8243; hover_overlay_color=\u00bbrgba(255,255,255,0.2)\u00bb force_fullwidth=\u00bbon\u00bb align_tablet=\u00bbcenter\u00bb align_phone=\u00bb\u00bb align_last_edited=\u00bbon|desktop\u00bb _builder_version=\u00bb4.27.3&#8243; locked=\u00bboff\u00bb global_colors_info=\u00bb{}\u00bb][\/et_pb_image][et_pb_image src=\u00bbhttps:\/\/fortidelrourell.es\/wp-content\/uploads\/2024\/11\/BeaLauBoda-159.webp\u00bb title_text=\u00bbBeaLauBoda-159&#8243; show_in_lightbox=\u00bbon\u00bb use_overlay=\u00bbon\u00bb overlay_icon_color=\u00bb#CAD8E5&#8243; hover_overlay_color=\u00bbrgba(255,255,255,0.2)\u00bb force_fullwidth=\u00bbon\u00bb align_tablet=\u00bbcenter\u00bb align_phone=\u00bb\u00bb align_last_edited=\u00bbon|desktop\u00bb _builder_version=\u00bb4.27.3&#8243; locked=\u00bboff\u00bb global_colors_info=\u00bb{}\u00bb][\/et_pb_image][\/et_pb_column][et_pb_column type=\u00bb1_2&#8243; _builder_version=\u00bb4.16&#8243; custom_padding=\u00bb|||\u00bb global_colors_info=\u00bb{}\u00bb custom_padding__hover=\u00bb|||\u00bb][et_pb_image src=\u00bbhttps:\/\/fortidelrourell.es\/wp-content\/uploads\/2024\/11\/BeaLauBoda-250-1.webp\u00bb title_text=\u00bbBeaLauBoda-250&#8243; _builder_version=\u00bb4.27.3&#8243; _module_preset=\u00bbdefault\u00bb global_colors_info=\u00bb{}\u00bb][\/et_pb_image][et_pb_image src=\u00bbhttps:\/\/fortidelrourell.es\/wp-content\/uploads\/2024\/11\/BeaLauBoda-497.webp\u00bb title_text=\u00bbBeaLauBoda-497&#8243; show_in_lightbox=\u00bbon\u00bb use_overlay=\u00bbon\u00bb overlay_icon_color=\u00bb#CAD8E5&#8243; hover_overlay_color=\u00bbrgba(255,255,255,0.2)\u00bb force_fullwidth=\u00bbon\u00bb align_tablet=\u00bbcenter\u00bb align_phone=\u00bb\u00bb align_last_edited=\u00bbon|desktop\u00bb _builder_version=\u00bb4.27.3&#8243; locked=\u00bboff\u00bb global_colors_info=\u00bb{}\u00bb][\/et_pb_image][et_pb_image src=\u00bbhttps:\/\/fortidelrourell.es\/wp-content\/uploads\/2024\/11\/BeaLauBoda-620.webp\u00bb title_text=\u00bbBeaLauBoda-620&#8243; show_in_lightbox=\u00bbon\u00bb use_overlay=\u00bbon\u00bb overlay_icon_color=\u00bb#CAD8E5&#8243; hover_overlay_color=\u00bbrgba(255,255,255,0.2)\u00bb force_fullwidth=\u00bbon\u00bb align_tablet=\u00bbcenter\u00bb align_phone=\u00bb\u00bb align_last_edited=\u00bbon|desktop\u00bb _builder_version=\u00bb4.27.3&#8243; locked=\u00bboff\u00bb global_colors_info=\u00bb{}\u00bb][\/et_pb_image][et_pb_image src=\u00bbhttps:\/\/fortidelrourell.es\/wp-content\/uploads\/2024\/11\/BeaLauBoda-1184.webp\u00bb title_text=\u00bbBeaLauBoda-1184&#8243; show_in_lightbox=\u00bbon\u00bb use_overlay=\u00bbon\u00bb overlay_icon_color=\u00bb#CAD8E5&#8243; hover_overlay_color=\u00bbrgba(255,255,255,0.2)\u00bb force_fullwidth=\u00bbon\u00bb align_tablet=\u00bbcenter\u00bb align_phone=\u00bb\u00bb align_last_edited=\u00bbon|desktop\u00bb _builder_version=\u00bb4.27.3&#8243; locked=\u00bboff\u00bb global_colors_info=\u00bb{}\u00bb][\/et_pb_image][et_pb_image src=\u00bbhttps:\/\/fortidelrourell.es\/wp-content\/uploads\/2024\/11\/BeaLauBoda-224.webp\u00bb title_text=\u00bbBeaLauBoda-224&#8243; show_in_lightbox=\u00bbon\u00bb use_overlay=\u00bbon\u00bb overlay_icon_color=\u00bb#CAD8E5&#8243; hover_overlay_color=\u00bbrgba(255,255,255,0.2)\u00bb force_fullwidth=\u00bbon\u00bb align_tablet=\u00bbcenter\u00bb align_phone=\u00bb\u00bb align_last_edited=\u00bbon|desktop\u00bb _builder_version=\u00bb4.27.3&#8243; locked=\u00bboff\u00bb global_colors_info=\u00bb{}\u00bb][\/et_pb_image][\/et_pb_column][\/et_pb_row][\/et_pb_section][et_pb_section fb_built=\u00bb1&#8243; disabled_on=\u00bboff|off|off\u00bb admin_label=\u00bbContact Form\u00bb module_id=\u00bbvisita-boda\u00bb _builder_version=\u00bb4.16&#8243; background_color=\u00bbrgba(175,159,131,0.28)\u00bb custom_margin=\u00bb|||\u00bb custom_padding=\u00bb||90px|\u00bb locked=\u00bboff\u00bb global_colors_info=\u00bb{}\u00bb][et_pb_row _builder_version=\u00bb4.16&#8243; global_colors_info=\u00bb{}\u00bb][et_pb_column type=\u00bb4_4&#8243; _builder_version=\u00bb4.16&#8243; custom_padding=\u00bb|||\u00bb global_colors_info=\u00bb{}\u00bb custom_padding__hover=\u00bb|||\u00bb][et_pb_text _builder_version=\u00bb4.27.3&#8243; text_font=\u00bbPT Sans|700|||||||\u00bb text_text_color=\u00bb#1e1e1e\u00bb text_font_size=\u00bb30px\u00bb text_line_height=\u00bb1.8em\u00bb header_font=\u00bb||||||||\u00bb header_3_font=\u00bbEB Garamond|600|||||||\u00bb header_3_font_size=\u00bb40px\u00bb header_3_line_height=\u00bb1.4em\u00bb text_orientation=\u00bbcenter\u00bb custom_margin=\u00bb||14px|||\u00bb animation_style=\u00bbfade\u00bb animation_direction=\u00bbleft\u00bb animation_starting_opacity=\u00bb100%\u00bb hover_enabled=\u00bb0&#8243; global_colors_info=\u00bb{}\u00bb sticky_enabled=\u00bb0&#8243;]<\/p>\n<h3>Viu el teu somni com la Bea i la Laura al Fort\u00ed del Rourell<\/h3>\n<p>[\/et_pb_text][et_pb_divider color=\u00bb#cccccc\u00bb divider_weight=\u00bb2px\u00bb _builder_version=\u00bb4.16&#8243; max_width=\u00bb80px\u00bb max_width_tablet=\u00bb150px\u00bb max_width_phone=\u00bb150px\u00bb max_width_last_edited=\u00bboff|desktop\u00bb module_alignment=\u00bbcenter\u00bb custom_margin=\u00bb||15px|\u00bb animation_style=\u00bbfade\u00bb global_colors_info=\u00bb{}\u00bb][\/et_pb_divider][et_pb_contact_form use_spam_service=\u00bbon\u00bb recaptcha_list=\u00bbForti del rourell-0&#8243; email=\u00bbeventos@fortidelrourell.es\u00bb custom_message=\u00bbCONTACTO BODAS FORMULARIO WEB||et_pb_line_break_holder||||et_pb_line_break_holder||%%First_name%%||et_pb_line_break_holder||%%adultos%%||et_pb_line_break_holder||%%email%%||et_pb_line_break_holder||%%Phone%%||et_pb_line_break_holder||%%dia%%||et_pb_line_break_holder||%%message%%\u00bb success_message=\u00bb\u00a1Gracias! Te confirmaremos tu reserva lo antes posible.\u00bb submit_button_text=\u00bbEnviar\u00bb module_id=\u00bbet_pb_contact_form_0&#8243; _builder_version=\u00bb4.16&#8243; _unique_id=\u00bb8e3b6325-da62-43eb-919e-2e193c5608f8&#8243; form_field_background_color=\u00bb#ffffff\u00bb title_font=\u00bbPT Sans||||||||\u00bb captcha_font=\u00bbPT Sans|700|||||||\u00bb captcha_letter_spacing=\u00bb2px\u00bb form_field_font=\u00bbPT Sans Narrow||||||||\u00bb form_field_font_size=\u00bb18px\u00bb custom_button=\u00bbon\u00bb button_text_size=\u00bb20px\u00bb button_text_color=\u00bb#FFFFFF\u00bb button_bg_color=\u00bb#b2a283&#8243; button_border_width=\u00bb4px\u00bb button_border_color=\u00bbRGBA(0,0,0,0)\u00bb button_border_radius=\u00bb0px\u00bb button_font=\u00bbHelvetica Neue Condensed|700||on|||||\u00bb button_use_icon=\u00bboff\u00bb max_width=\u00bb750px\u00bb module_alignment=\u00bbcenter\u00bb custom_padding=\u00bb|||\u00bb animation_style=\u00bbfade\u00bb border_radii=\u00bbon|3px|3px|3px|3px\u00bb border_width_all=\u00bb1px\u00bb border_color_all=\u00bb#e1e3e5&#8243; form_background_color=\u00bb#ffffff\u00bb locked=\u00bboff\u00bb global_colors_info=\u00bb{}\u00bb][et_pb_contact_field field_id=\u00bbFirst_name\u00bb field_title=\u00bbNombre y apellidos\u00bb _builder_version=\u00bb4.16&#8243; global_colors_info=\u00bb{}\u00bb button_text_size__hover_enabled=\u00bboff\u00bb button_one_text_size__hover_enabled=\u00bboff\u00bb button_two_text_size__hover_enabled=\u00bboff\u00bb button_text_color__hover_enabled=\u00bboff\u00bb button_one_text_color__hover_enabled=\u00bboff\u00bb button_two_text_color__hover_enabled=\u00bboff\u00bb button_border_width__hover_enabled=\u00bboff\u00bb button_one_border_width__hover_enabled=\u00bboff\u00bb button_two_border_width__hover_enabled=\u00bboff\u00bb button_border_color__hover_enabled=\u00bboff\u00bb button_one_border_color__hover_enabled=\u00bboff\u00bb button_two_border_color__hover_enabled=\u00bboff\u00bb button_border_radius__hover_enabled=\u00bboff\u00bb button_one_border_radius__hover_enabled=\u00bboff\u00bb button_two_border_radius__hover_enabled=\u00bboff\u00bb button_letter_spacing__hover_enabled=\u00bboff\u00bb button_one_letter_spacing__hover_enabled=\u00bboff\u00bb button_two_letter_spacing__hover_enabled=\u00bboff\u00bb button_bg_color__hover_enabled=\u00bboff\u00bb button_one_bg_color__hover_enabled=\u00bboff\u00bb button_two_bg_color__hover_enabled=\u00bboff\u00bb][\/et_pb_contact_field][et_pb_contact_field field_id=\u00bbadultos\u00bb field_title=\u00bbN\u00famero aprox. comensales\u00bb allowed_symbols=\u00bbnumbers\u00bb _builder_version=\u00bb4.16&#8243; global_colors_info=\u00bb{}\u00bb button_text_size__hover_enabled=\u00bboff\u00bb button_one_text_size__hover_enabled=\u00bboff\u00bb button_two_text_size__hover_enabled=\u00bboff\u00bb button_text_color__hover_enabled=\u00bboff\u00bb button_one_text_color__hover_enabled=\u00bboff\u00bb button_two_text_color__hover_enabled=\u00bboff\u00bb button_border_width__hover_enabled=\u00bboff\u00bb button_one_border_width__hover_enabled=\u00bboff\u00bb button_two_border_width__hover_enabled=\u00bboff\u00bb button_border_color__hover_enabled=\u00bboff\u00bb button_one_border_color__hover_enabled=\u00bboff\u00bb button_two_border_color__hover_enabled=\u00bboff\u00bb button_border_radius__hover_enabled=\u00bboff\u00bb button_one_border_radius__hover_enabled=\u00bboff\u00bb button_two_border_radius__hover_enabled=\u00bboff\u00bb button_letter_spacing__hover_enabled=\u00bboff\u00bb button_one_letter_spacing__hover_enabled=\u00bboff\u00bb button_two_letter_spacing__hover_enabled=\u00bboff\u00bb button_bg_color__hover_enabled=\u00bboff\u00bb button_one_bg_color__hover_enabled=\u00bboff\u00bb button_two_bg_color__hover_enabled=\u00bboff\u00bb][\/et_pb_contact_field][et_pb_contact_field field_id=\u00bbEmail\u00bb field_title=\u00bbEmail \u00bb field_type=\u00bbemail\u00bb _builder_version=\u00bb4.16&#8243; global_colors_info=\u00bb{}\u00bb button_text_size__hover_enabled=\u00bboff\u00bb button_one_text_size__hover_enabled=\u00bboff\u00bb button_two_text_size__hover_enabled=\u00bboff\u00bb button_text_color__hover_enabled=\u00bboff\u00bb button_one_text_color__hover_enabled=\u00bboff\u00bb button_two_text_color__hover_enabled=\u00bboff\u00bb button_border_width__hover_enabled=\u00bboff\u00bb button_one_border_width__hover_enabled=\u00bboff\u00bb button_two_border_width__hover_enabled=\u00bboff\u00bb button_border_color__hover_enabled=\u00bboff\u00bb button_one_border_color__hover_enabled=\u00bboff\u00bb button_two_border_color__hover_enabled=\u00bboff\u00bb button_border_radius__hover_enabled=\u00bboff\u00bb button_one_border_radius__hover_enabled=\u00bboff\u00bb button_two_border_radius__hover_enabled=\u00bboff\u00bb button_letter_spacing__hover_enabled=\u00bboff\u00bb button_one_letter_spacing__hover_enabled=\u00bboff\u00bb button_two_letter_spacing__hover_enabled=\u00bboff\u00bb button_bg_color__hover_enabled=\u00bboff\u00bb button_one_bg_color__hover_enabled=\u00bboff\u00bb button_two_bg_color__hover_enabled=\u00bboff\u00bb][\/et_pb_contact_field][et_pb_contact_field field_id=\u00bbPhone\u00bb field_title=\u00bbTel\u00e9fono\u00bb _builder_version=\u00bb4.16&#8243; global_colors_info=\u00bb{}\u00bb button_text_size__hover_enabled=\u00bboff\u00bb button_one_text_size__hover_enabled=\u00bboff\u00bb button_two_text_size__hover_enabled=\u00bboff\u00bb button_text_color__hover_enabled=\u00bboff\u00bb button_one_text_color__hover_enabled=\u00bboff\u00bb button_two_text_color__hover_enabled=\u00bboff\u00bb button_border_width__hover_enabled=\u00bboff\u00bb button_one_border_width__hover_enabled=\u00bboff\u00bb button_two_border_width__hover_enabled=\u00bboff\u00bb button_border_color__hover_enabled=\u00bboff\u00bb button_one_border_color__hover_enabled=\u00bboff\u00bb button_two_border_color__hover_enabled=\u00bboff\u00bb button_border_radius__hover_enabled=\u00bboff\u00bb button_one_border_radius__hover_enabled=\u00bboff\u00bb button_two_border_radius__hover_enabled=\u00bboff\u00bb button_letter_spacing__hover_enabled=\u00bboff\u00bb button_one_letter_spacing__hover_enabled=\u00bboff\u00bb button_two_letter_spacing__hover_enabled=\u00bboff\u00bb button_bg_color__hover_enabled=\u00bboff\u00bb button_one_bg_color__hover_enabled=\u00bboff\u00bb button_two_bg_color__hover_enabled=\u00bboff\u00bb][\/et_pb_contact_field][et_pb_contact_field field_id=\u00bbdia\u00bb field_title=\u00bb\u00bfQu\u00e9 d\u00eda ser\u00e1 la boda? (dd\/mm\/aa)\u00bb fullwidth_field=\u00bbon\u00bb _builder_version=\u00bb4.16&#8243; global_colors_info=\u00bb{}\u00bb button_text_size__hover_enabled=\u00bboff\u00bb button_one_text_size__hover_enabled=\u00bboff\u00bb button_two_text_size__hover_enabled=\u00bboff\u00bb button_text_color__hover_enabled=\u00bboff\u00bb button_one_text_color__hover_enabled=\u00bboff\u00bb button_two_text_color__hover_enabled=\u00bboff\u00bb button_border_width__hover_enabled=\u00bboff\u00bb button_one_border_width__hover_enabled=\u00bboff\u00bb button_two_border_width__hover_enabled=\u00bboff\u00bb button_border_color__hover_enabled=\u00bboff\u00bb button_one_border_color__hover_enabled=\u00bboff\u00bb button_two_border_color__hover_enabled=\u00bboff\u00bb button_border_radius__hover_enabled=\u00bboff\u00bb button_one_border_radius__hover_enabled=\u00bboff\u00bb button_two_border_radius__hover_enabled=\u00bboff\u00bb button_letter_spacing__hover_enabled=\u00bboff\u00bb button_one_letter_spacing__hover_enabled=\u00bboff\u00bb button_two_letter_spacing__hover_enabled=\u00bboff\u00bb button_bg_color__hover_enabled=\u00bboff\u00bb button_one_bg_color__hover_enabled=\u00bboff\u00bb button_two_bg_color__hover_enabled=\u00bboff\u00bb][\/et_pb_contact_field][et_pb_contact_field field_id=\u00bbMessage\u00bb field_title=\u00bbComentarios\u00bb field_type=\u00bbtext\u00bb required_mark=\u00bboff\u00bb fullwidth_field=\u00bbon\u00bb _builder_version=\u00bb4.16&#8243; global_colors_info=\u00bb{}\u00bb button_text_size__hover_enabled=\u00bboff\u00bb button_one_text_size__hover_enabled=\u00bboff\u00bb button_two_text_size__hover_enabled=\u00bboff\u00bb button_text_color__hover_enabled=\u00bboff\u00bb button_one_text_color__hover_enabled=\u00bboff\u00bb button_two_text_color__hover_enabled=\u00bboff\u00bb button_border_width__hover_enabled=\u00bboff\u00bb button_one_border_width__hover_enabled=\u00bboff\u00bb button_two_border_width__hover_enabled=\u00bboff\u00bb button_border_color__hover_enabled=\u00bboff\u00bb button_one_border_color__hover_enabled=\u00bboff\u00bb button_two_border_color__hover_enabled=\u00bboff\u00bb button_border_radius__hover_enabled=\u00bboff\u00bb button_one_border_radius__hover_enabled=\u00bboff\u00bb button_two_border_radius__hover_enabled=\u00bboff\u00bb button_letter_spacing__hover_enabled=\u00bboff\u00bb button_one_letter_spacing__hover_enabled=\u00bboff\u00bb button_two_letter_spacing__hover_enabled=\u00bboff\u00bb button_bg_color__hover_enabled=\u00bboff\u00bb button_one_bg_color__hover_enabled=\u00bboff\u00bb button_two_bg_color__hover_enabled=\u00bboff\u00bb][\/et_pb_contact_field][et_pb_contact_field field_id=\u00bbterms\u00bb field_title=\u00bb \u00bb field_type=\u00bbcheckbox\u00bb checkbox_options=\u00bb%91{%22value%22:%22Acepto t\u00e9rminos y condiciones     %22,%22checked%22:0,%22dragID%22:-1,%22link_url%22:%22\/texto-legal-y-politica-de-privacidad\/%22,%22link_text%22:%22%22}%93&#8243; fullwidth_field=\u00bbon\u00bb _builder_version=\u00bb4.16&#8243; _module_preset=\u00bbdefault\u00bb global_colors_info=\u00bb{}\u00bb][\/et_pb_contact_field][\/et_pb_contact_form][\/et_pb_column][\/et_pb_row][\/et_pb_section][et_pb_section fb_built=\u00bb1&#8243; admin_label=\u00bbHero\u00bb _builder_version=\u00bb4.27.3&#8243; background_enable_image=\u00bboff\u00bb background_position=\u00bbbottom_right\u00bb custom_margin=\u00bb|||\u00bb custom_padding=\u00bb36px||0px|||\u00bb hover_enabled=\u00bb0&#8243; locked=\u00bboff\u00bb global_colors_info=\u00bb{}\u00bb sticky_enabled=\u00bb0&#8243;][et_pb_row _builder_version=\u00bb4.16&#8243; background_size=\u00bbinitial\u00bb background_position=\u00bbtop_left\u00bb background_repeat=\u00bbrepeat\u00bb global_colors_info=\u00bb{}\u00bb][et_pb_column type=\u00bb4_4&#8243; _builder_version=\u00bb4.16&#8243; custom_padding=\u00bb|||\u00bb global_colors_info=\u00bb{}\u00bb custom_padding__hover=\u00bb|||\u00bb][et_pb_text _builder_version=\u00bb4.27.3&#8243; text_font=\u00bbPT Sans|700|||||||\u00bb text_text_color=\u00bb#1e1e1e\u00bb text_font_size=\u00bb30px\u00bb text_line_height=\u00bb1.8em\u00bb header_font=\u00bb||||||||\u00bb header_3_font=\u00bbEB Garamond|600|||||||\u00bb header_3_font_size=\u00bb40px\u00bb header_3_line_height=\u00bb1.4em\u00bb text_orientation=\u00bbcenter\u00bb custom_margin=\u00bb||14px|||\u00bb animation_style=\u00bbfade\u00bb animation_starting_opacity=\u00bb100%\u00bb hover_enabled=\u00bb0&#8243; global_colors_info=\u00bb{}\u00bb sticky_enabled=\u00bb0&#8243;]<\/p>\n<h3>Contacta&#8217;ns<\/h3>\n<p>[\/et_pb_text][\/et_pb_column][\/et_pb_row][et_pb_row column_structure=\u00bb1_3,1_3,1_3&#8243; admin_label=\u00bbContact Info\u00bb _builder_version=\u00bb4.16&#8243; custom_margin=\u00bb|||\u00bb global_colors_info=\u00bb{}\u00bb][et_pb_column type=\u00bb1_3&#8243; _builder_version=\u00bb4.16&#8243; custom_padding=\u00bb|||\u00bb global_colors_info=\u00bb{}\u00bb custom_padding__hover=\u00bb|||\u00bb][et_pb_blurb use_icon=\u00bbon\u00bb font_icon=\u00bb&#xe01d;||divi||400&#8243; icon_color=\u00bb#B2A283&#8243; image_icon_width=\u00bb32px\u00bb _builder_version=\u00bb4.16&#8243; header_font=\u00bbPT Sans||||||||\u00bb header_font_size=\u00bb28px\u00bb body_font=\u00bbHelvetica Neue Condensed|500|||||||\u00bb body_text_color=\u00bb#1e1e1e\u00bb body_font_size=\u00bb20px\u00bb body_line_height=\u00bb1.8em\u00bb text_orientation=\u00bbcenter\u00bb icon_font_size=\u00bb32px\u00bb global_colors_info=\u00bb{}\u00bb]<\/p>\n<div class=\"b5BMEf\"><\/div>\n<div class=\"BOu6vf\"><span>Carrer FOSC, 8, 43142 El Rourell, Tarragona<\/span><\/div>\n<p>[\/et_pb_blurb][\/et_pb_column][et_pb_column type=\u00bb1_3&#8243; _builder_version=\u00bb4.16&#8243; custom_padding=\u00bb|||\u00bb global_colors_info=\u00bb{}\u00bb custom_padding__hover=\u00bb|||\u00bb][et_pb_blurb use_icon=\u00bbon\u00bb font_icon=\u00bb&#xe010;||divi||400&#8243; icon_color=\u00bb#B2A283&#8243; image_icon_width=\u00bb32px\u00bb _builder_version=\u00bb4.16&#8243; header_font=\u00bbPT Sans||||||||\u00bb header_font_size=\u00bb28px\u00bb body_font=\u00bbHelvetica Neue Condensed|500|||||||\u00bb body_text_color=\u00bb#1e1e1e\u00bb body_font_size=\u00bb20px\u00bb body_line_height=\u00bb1.8em\u00bb text_orientation=\u00bbcenter\u00bb icon_font_size=\u00bb32px\u00bb global_colors_info=\u00bb{}\u00bb]<\/p>\n<p>eventos@fortidelrourell.es<\/p>\n<p>[\/et_pb_blurb][\/et_pb_column][et_pb_column type=\u00bb1_3&#8243; _builder_version=\u00bb4.16&#8243; custom_padding=\u00bb|||\u00bb global_colors_info=\u00bb{}\u00bb custom_padding__hover=\u00bb|||\u00bb][et_pb_blurb use_icon=\u00bbon\u00bb font_icon=\u00bb&#xe00b;||divi||400&#8243; icon_color=\u00bb#B2A283&#8243; image_icon_width=\u00bb32px\u00bb _builder_version=\u00bb4.16&#8243; header_font=\u00bbPT Sans||||||||\u00bb header_font_size=\u00bb28px\u00bb body_font=\u00bbHelvetica Neue Condensed|500|||||||\u00bb body_text_color=\u00bb#1e1e1e\u00bb body_font_size=\u00bb20px\u00bb body_line_height=\u00bb1.8em\u00bb text_orientation=\u00bbcenter\u00bb icon_font_size=\u00bb32px\u00bb global_colors_info=\u00bb{}\u00bb]<\/p>\n<p>(+34) 660 93 48 25<\/p>\n<p>[\/et_pb_blurb][\/et_pb_column][\/et_pb_row][\/et_pb_section]<\/p>\n","protected":false},"excerpt":{"rendered":"<p>Un amor sense lligams\u00bbI aix\u00ed comen\u00e7a, ja s\u00f3c la teva gran c\u00f2mplice, el teu present i el teu futur.\u00bbAix\u00ed va ser la boda de conte de la Bea i la LauraQuan la Bea i la Laura van imaginar el seu gran dia, van somiar amb quelcom especial:un lloc que combin\u00e9s hist\u00f2ria, natura i la calidesa [&hellip;]<\/p>\n","protected":false},"author":114,"featured_media":16236,"comment_status":"open","ping_status":"open","sticky":false,"template":"","format":"standard","meta":{"_et_pb_use_builder":"on","_et_pb_old_content":"","_et_gb_content_width":"","footnotes":""},"categories":[139],"tags":[],"class_list":["post-16255","post","type-post","status-publish","format-standard","has-post-thumbnail","hentry","category-bodes-reals"],"yoast_head":"<!-- This site is optimized with the Yoast SEO plugin v28.2 - https:\/\/yoast.com\/product\/yoast-seo-wordpress\/ -->\n<title>La boda de la Bea i la Laura: un amor sense lligams - Forti del Rourell<\/title>\n<meta name=\"description\" content=\"La boda de Bea i Laura en Fort\u00ed del Rourell: Un dia ple d&#039;amor, emoci\u00f3 i detalls \u00fanics, celebrant la seva uni\u00f3 en un entorn inigualable\" \/>\n<meta name=\"robots\" content=\"index, follow, max-snippet:-1, max-image-preview:large, max-video-preview:-1\" \/>\n<link rel=\"canonical\" href=\"https:\/\/fortidelrourell.es\/ca\/la-boda-de-la-bea-i-la-laura-un-amor-ssense-lligams\/\" \/>\n<meta property=\"og:locale\" content=\"ca_ES\" \/>\n<meta property=\"og:type\" content=\"article\" \/>\n<meta property=\"og:title\" content=\"La boda de la Bea i la Laura: un amor sense lligams - Forti del Rourell\" \/>\n<meta property=\"og:description\" content=\"La boda de Bea i Laura en Fort\u00ed del Rourell: Un dia ple d&#039;amor, emoci\u00f3 i detalls \u00fanics, celebrant la seva uni\u00f3 en un entorn inigualable\" \/>\n<meta property=\"og:url\" content=\"https:\/\/fortidelrourell.es\/ca\/la-boda-de-la-bea-i-la-laura-un-amor-ssense-lligams\/\" \/>\n<meta property=\"og:site_name\" content=\"Forti del Rourell\" \/>\n<meta property=\"article:published_time\" content=\"2024-11-26T17:04:09+00:00\" \/>\n<meta property=\"article:modified_time\" content=\"2025-02-14T11:21:51+00:00\" \/>\n<meta property=\"og:image\" content=\"https:\/\/fortidelrourell.es\/wp-content\/uploads\/2024\/11\/BeaLauBoda-497.webp\" \/>\n\t<meta property=\"og:image:width\" content=\"900\" \/>\n\t<meta property=\"og:image:height\" content=\"600\" \/>\n\t<meta property=\"og:image:type\" content=\"image\/webp\" \/>\n<meta name=\"author\" content=\"Albert Dalmau\" \/>\n<meta name=\"twitter:card\" content=\"summary_large_image\" \/>\n<meta name=\"twitter:label1\" content=\"Escrit per\" \/>\n\t<meta name=\"twitter:data1\" content=\"Albert Dalmau\" \/>\n\t<meta name=\"twitter:label2\" content=\"Temps estimat de lectura\" \/>\n\t<meta name=\"twitter:data2\" content=\"21 minuts\" \/>\n<script type=\"application\/ld+json\" class=\"yoast-schema-graph\">{\"@context\":\"https:\\\/\\\/schema.org\",\"@graph\":[{\"@type\":\"Article\",\"@id\":\"https:\\\/\\\/fortidelrourell.es\\\/ca\\\/la-boda-de-la-bea-i-la-laura-un-amor-ssense-lligams\\\/#article\",\"isPartOf\":{\"@id\":\"https:\\\/\\\/fortidelrourell.es\\\/ca\\\/la-boda-de-la-bea-i-la-laura-un-amor-ssense-lligams\\\/\"},\"author\":{\"name\":\"Albert Dalmau\",\"@id\":\"https:\\\/\\\/fortidelrourell.es\\\/ca\\\/#\\\/schema\\\/person\\\/4a9c2393ff11d5239486b040f19129a2\"},\"headline\":\"La boda de la Bea i la Laura: un amor sense lligams\",\"datePublished\":\"2024-11-26T17:04:09+00:00\",\"dateModified\":\"2025-02-14T11:21:51+00:00\",\"mainEntityOfPage\":{\"@id\":\"https:\\\/\\\/fortidelrourell.es\\\/ca\\\/la-boda-de-la-bea-i-la-laura-un-amor-ssense-lligams\\\/\"},\"wordCount\":4194,\"commentCount\":0,\"image\":{\"@id\":\"https:\\\/\\\/fortidelrourell.es\\\/ca\\\/la-boda-de-la-bea-i-la-laura-un-amor-ssense-lligams\\\/#primaryimage\"},\"thumbnailUrl\":\"https:\\\/\\\/fortidelrourell.es\\\/wp-content\\\/uploads\\\/2024\\\/11\\\/BeaLauBoda-497.webp\",\"articleSection\":[\"Bodes Reals\"],\"inLanguage\":\"ca\",\"potentialAction\":[{\"@type\":\"CommentAction\",\"name\":\"Comment\",\"target\":[\"https:\\\/\\\/fortidelrourell.es\\\/ca\\\/la-boda-de-la-bea-i-la-laura-un-amor-ssense-lligams\\\/#respond\"]}]},{\"@type\":\"WebPage\",\"@id\":\"https:\\\/\\\/fortidelrourell.es\\\/ca\\\/la-boda-de-la-bea-i-la-laura-un-amor-ssense-lligams\\\/\",\"url\":\"https:\\\/\\\/fortidelrourell.es\\\/ca\\\/la-boda-de-la-bea-i-la-laura-un-amor-ssense-lligams\\\/\",\"name\":\"La boda de la Bea i la Laura: un amor sense lligams - Forti del Rourell\",\"isPartOf\":{\"@id\":\"https:\\\/\\\/fortidelrourell.es\\\/ca\\\/#website\"},\"primaryImageOfPage\":{\"@id\":\"https:\\\/\\\/fortidelrourell.es\\\/ca\\\/la-boda-de-la-bea-i-la-laura-un-amor-ssense-lligams\\\/#primaryimage\"},\"image\":{\"@id\":\"https:\\\/\\\/fortidelrourell.es\\\/ca\\\/la-boda-de-la-bea-i-la-laura-un-amor-ssense-lligams\\\/#primaryimage\"},\"thumbnailUrl\":\"https:\\\/\\\/fortidelrourell.es\\\/wp-content\\\/uploads\\\/2024\\\/11\\\/BeaLauBoda-497.webp\",\"datePublished\":\"2024-11-26T17:04:09+00:00\",\"dateModified\":\"2025-02-14T11:21:51+00:00\",\"author\":{\"@id\":\"https:\\\/\\\/fortidelrourell.es\\\/ca\\\/#\\\/schema\\\/person\\\/4a9c2393ff11d5239486b040f19129a2\"},\"description\":\"La boda de Bea i Laura en Fort\u00ed del Rourell: Un dia ple d'amor, emoci\u00f3 i detalls \u00fanics, celebrant la seva uni\u00f3 en un entorn inigualable\",\"breadcrumb\":{\"@id\":\"https:\\\/\\\/fortidelrourell.es\\\/ca\\\/la-boda-de-la-bea-i-la-laura-un-amor-ssense-lligams\\\/#breadcrumb\"},\"inLanguage\":\"ca\",\"potentialAction\":[{\"@type\":\"ReadAction\",\"target\":[\"https:\\\/\\\/fortidelrourell.es\\\/ca\\\/la-boda-de-la-bea-i-la-laura-un-amor-ssense-lligams\\\/\"]}]},{\"@type\":\"ImageObject\",\"inLanguage\":\"ca\",\"@id\":\"https:\\\/\\\/fortidelrourell.es\\\/ca\\\/la-boda-de-la-bea-i-la-laura-un-amor-ssense-lligams\\\/#primaryimage\",\"url\":\"https:\\\/\\\/fortidelrourell.es\\\/wp-content\\\/uploads\\\/2024\\\/11\\\/BeaLauBoda-497.webp\",\"contentUrl\":\"https:\\\/\\\/fortidelrourell.es\\\/wp-content\\\/uploads\\\/2024\\\/11\\\/BeaLauBoda-497.webp\",\"width\":900,\"height\":600},{\"@type\":\"BreadcrumbList\",\"@id\":\"https:\\\/\\\/fortidelrourell.es\\\/ca\\\/la-boda-de-la-bea-i-la-laura-un-amor-ssense-lligams\\\/#breadcrumb\",\"itemListElement\":[{\"@type\":\"ListItem\",\"position\":1,\"name\":\"Portada\",\"item\":\"https:\\\/\\\/fortidelrourell.es\\\/ca\\\/\"},{\"@type\":\"ListItem\",\"position\":2,\"name\":\"La boda de la Bea i la Laura: un amor sense lligams\"}]},{\"@type\":\"WebSite\",\"@id\":\"https:\\\/\\\/fortidelrourell.es\\\/ca\\\/#website\",\"url\":\"https:\\\/\\\/fortidelrourell.es\\\/ca\\\/\",\"name\":\"Forti del Rourell\",\"description\":\"Una experiencia \u00fanica en un entorno privilegiado.\",\"potentialAction\":[{\"@type\":\"SearchAction\",\"target\":{\"@type\":\"EntryPoint\",\"urlTemplate\":\"https:\\\/\\\/fortidelrourell.es\\\/ca\\\/?s={search_term_string}\"},\"query-input\":{\"@type\":\"PropertyValueSpecification\",\"valueRequired\":true,\"valueName\":\"search_term_string\"}}],\"inLanguage\":\"ca\"},{\"@type\":\"Person\",\"@id\":\"https:\\\/\\\/fortidelrourell.es\\\/ca\\\/#\\\/schema\\\/person\\\/4a9c2393ff11d5239486b040f19129a2\",\"name\":\"Albert Dalmau\",\"image\":{\"@type\":\"ImageObject\",\"inLanguage\":\"ca\",\"@id\":\"https:\\\/\\\/secure.gravatar.com\\\/avatar\\\/de103aed7640d5e14a1f6eae8eb91f90580a17227812e818799e75eb489c211d?s=96&d=mm&r=g\",\"url\":\"https:\\\/\\\/secure.gravatar.com\\\/avatar\\\/de103aed7640d5e14a1f6eae8eb91f90580a17227812e818799e75eb489c211d?s=96&d=mm&r=g\",\"contentUrl\":\"https:\\\/\\\/secure.gravatar.com\\\/avatar\\\/de103aed7640d5e14a1f6eae8eb91f90580a17227812e818799e75eb489c211d?s=96&d=mm&r=g\",\"caption\":\"Albert Dalmau\"}}]}<\/script>\n<!-- \/ Yoast SEO plugin. -->","yoast_head_json":{"title":"La boda de la Bea i la Laura: un amor sense lligams - Forti del Rourell","description":"La boda de Bea i Laura en Fort\u00ed del Rourell: Un dia ple d'amor, emoci\u00f3 i detalls \u00fanics, celebrant la seva uni\u00f3 en un entorn inigualable","robots":{"index":"index","follow":"follow","max-snippet":"max-snippet:-1","max-image-preview":"max-image-preview:large","max-video-preview":"max-video-preview:-1"},"canonical":"https:\/\/fortidelrourell.es\/ca\/la-boda-de-la-bea-i-la-laura-un-amor-ssense-lligams\/","og_locale":"ca_ES","og_type":"article","og_title":"La boda de la Bea i la Laura: un amor sense lligams - Forti del Rourell","og_description":"La boda de Bea i Laura en Fort\u00ed del Rourell: Un dia ple d'amor, emoci\u00f3 i detalls \u00fanics, celebrant la seva uni\u00f3 en un entorn inigualable","og_url":"https:\/\/fortidelrourell.es\/ca\/la-boda-de-la-bea-i-la-laura-un-amor-ssense-lligams\/","og_site_name":"Forti del Rourell","article_published_time":"2024-11-26T17:04:09+00:00","article_modified_time":"2025-02-14T11:21:51+00:00","og_image":[{"width":900,"height":600,"url":"https:\/\/fortidelrourell.es\/wp-content\/uploads\/2024\/11\/BeaLauBoda-497.webp","type":"image\/webp"}],"author":"Albert Dalmau","twitter_card":"summary_large_image","twitter_misc":{"Escrit per":"Albert Dalmau","Temps estimat de lectura":"21 minuts"},"schema":{"@context":"https:\/\/schema.org","@graph":[{"@type":"Article","@id":"https:\/\/fortidelrourell.es\/ca\/la-boda-de-la-bea-i-la-laura-un-amor-ssense-lligams\/#article","isPartOf":{"@id":"https:\/\/fortidelrourell.es\/ca\/la-boda-de-la-bea-i-la-laura-un-amor-ssense-lligams\/"},"author":{"name":"Albert Dalmau","@id":"https:\/\/fortidelrourell.es\/ca\/#\/schema\/person\/4a9c2393ff11d5239486b040f19129a2"},"headline":"La boda de la Bea i la Laura: un amor sense lligams","datePublished":"2024-11-26T17:04:09+00:00","dateModified":"2025-02-14T11:21:51+00:00","mainEntityOfPage":{"@id":"https:\/\/fortidelrourell.es\/ca\/la-boda-de-la-bea-i-la-laura-un-amor-ssense-lligams\/"},"wordCount":4194,"commentCount":0,"image":{"@id":"https:\/\/fortidelrourell.es\/ca\/la-boda-de-la-bea-i-la-laura-un-amor-ssense-lligams\/#primaryimage"},"thumbnailUrl":"https:\/\/fortidelrourell.es\/wp-content\/uploads\/2024\/11\/BeaLauBoda-497.webp","articleSection":["Bodes Reals"],"inLanguage":"ca","potentialAction":[{"@type":"CommentAction","name":"Comment","target":["https:\/\/fortidelrourell.es\/ca\/la-boda-de-la-bea-i-la-laura-un-amor-ssense-lligams\/#respond"]}]},{"@type":"WebPage","@id":"https:\/\/fortidelrourell.es\/ca\/la-boda-de-la-bea-i-la-laura-un-amor-ssense-lligams\/","url":"https:\/\/fortidelrourell.es\/ca\/la-boda-de-la-bea-i-la-laura-un-amor-ssense-lligams\/","name":"La boda de la Bea i la Laura: un amor sense lligams - Forti del Rourell","isPartOf":{"@id":"https:\/\/fortidelrourell.es\/ca\/#website"},"primaryImageOfPage":{"@id":"https:\/\/fortidelrourell.es\/ca\/la-boda-de-la-bea-i-la-laura-un-amor-ssense-lligams\/#primaryimage"},"image":{"@id":"https:\/\/fortidelrourell.es\/ca\/la-boda-de-la-bea-i-la-laura-un-amor-ssense-lligams\/#primaryimage"},"thumbnailUrl":"https:\/\/fortidelrourell.es\/wp-content\/uploads\/2024\/11\/BeaLauBoda-497.webp","datePublished":"2024-11-26T17:04:09+00:00","dateModified":"2025-02-14T11:21:51+00:00","author":{"@id":"https:\/\/fortidelrourell.es\/ca\/#\/schema\/person\/4a9c2393ff11d5239486b040f19129a2"},"description":"La boda de Bea i Laura en Fort\u00ed del Rourell: Un dia ple d'amor, emoci\u00f3 i detalls \u00fanics, celebrant la seva uni\u00f3 en un entorn inigualable","breadcrumb":{"@id":"https:\/\/fortidelrourell.es\/ca\/la-boda-de-la-bea-i-la-laura-un-amor-ssense-lligams\/#breadcrumb"},"inLanguage":"ca","potentialAction":[{"@type":"ReadAction","target":["https:\/\/fortidelrourell.es\/ca\/la-boda-de-la-bea-i-la-laura-un-amor-ssense-lligams\/"]}]},{"@type":"ImageObject","inLanguage":"ca","@id":"https:\/\/fortidelrourell.es\/ca\/la-boda-de-la-bea-i-la-laura-un-amor-ssense-lligams\/#primaryimage","url":"https:\/\/fortidelrourell.es\/wp-content\/uploads\/2024\/11\/BeaLauBoda-497.webp","contentUrl":"https:\/\/fortidelrourell.es\/wp-content\/uploads\/2024\/11\/BeaLauBoda-497.webp","width":900,"height":600},{"@type":"BreadcrumbList","@id":"https:\/\/fortidelrourell.es\/ca\/la-boda-de-la-bea-i-la-laura-un-amor-ssense-lligams\/#breadcrumb","itemListElement":[{"@type":"ListItem","position":1,"name":"Portada","item":"https:\/\/fortidelrourell.es\/ca\/"},{"@type":"ListItem","position":2,"name":"La boda de la Bea i la Laura: un amor sense lligams"}]},{"@type":"WebSite","@id":"https:\/\/fortidelrourell.es\/ca\/#website","url":"https:\/\/fortidelrourell.es\/ca\/","name":"Forti del Rourell","description":"Una experiencia \u00fanica en un entorno privilegiado.","potentialAction":[{"@type":"SearchAction","target":{"@type":"EntryPoint","urlTemplate":"https:\/\/fortidelrourell.es\/ca\/?s={search_term_string}"},"query-input":{"@type":"PropertyValueSpecification","valueRequired":true,"valueName":"search_term_string"}}],"inLanguage":"ca"},{"@type":"Person","@id":"https:\/\/fortidelrourell.es\/ca\/#\/schema\/person\/4a9c2393ff11d5239486b040f19129a2","name":"Albert Dalmau","image":{"@type":"ImageObject","inLanguage":"ca","@id":"https:\/\/secure.gravatar.com\/avatar\/de103aed7640d5e14a1f6eae8eb91f90580a17227812e818799e75eb489c211d?s=96&d=mm&r=g","url":"https:\/\/secure.gravatar.com\/avatar\/de103aed7640d5e14a1f6eae8eb91f90580a17227812e818799e75eb489c211d?s=96&d=mm&r=g","contentUrl":"https:\/\/secure.gravatar.com\/avatar\/de103aed7640d5e14a1f6eae8eb91f90580a17227812e818799e75eb489c211d?s=96&d=mm&r=g","caption":"Albert Dalmau"}}]}},"_links":{"self":[{"href":"https:\/\/fortidelrourell.es\/ca\/wp-json\/wp\/v2\/posts\/16255","targetHints":{"allow":["GET"]}}],"collection":[{"href":"https:\/\/fortidelrourell.es\/ca\/wp-json\/wp\/v2\/posts"}],"about":[{"href":"https:\/\/fortidelrourell.es\/ca\/wp-json\/wp\/v2\/types\/post"}],"author":[{"embeddable":true,"href":"https:\/\/fortidelrourell.es\/ca\/wp-json\/wp\/v2\/users\/114"}],"replies":[{"embeddable":true,"href":"https:\/\/fortidelrourell.es\/ca\/wp-json\/wp\/v2\/comments?post=16255"}],"version-history":[{"count":4,"href":"https:\/\/fortidelrourell.es\/ca\/wp-json\/wp\/v2\/posts\/16255\/revisions"}],"predecessor-version":[{"id":16979,"href":"https:\/\/fortidelrourell.es\/ca\/wp-json\/wp\/v2\/posts\/16255\/revisions\/16979"}],"wp:featuredmedia":[{"embeddable":true,"href":"https:\/\/fortidelrourell.es\/ca\/wp-json\/wp\/v2\/media\/16236"}],"wp:attachment":[{"href":"https:\/\/fortidelrourell.es\/ca\/wp-json\/wp\/v2\/media?parent=16255"}],"wp:term":[{"taxonomy":"category","embeddable":true,"href":"https:\/\/fortidelrourell.es\/ca\/wp-json\/wp\/v2\/categories?post=16255"},{"taxonomy":"post_tag","embeddable":true,"href":"https:\/\/fortidelrourell.es\/ca\/wp-json\/wp\/v2\/tags?post=16255"}],"curies":[{"name":"wp","href":"https:\/\/api.w.org\/{rel}","templated":true}]}}