{"id":14068,"date":"2023-08-04T11:14:23","date_gmt":"2023-08-04T11:14:23","guid":{"rendered":"https:\/\/fortidelrourell.es\/?p=14068"},"modified":"2023-08-04T11:14:27","modified_gmt":"2023-08-04T11:14:27","slug":"els-passos-essencials-per-a-celebrar-unes-noces-reeixides","status":"publish","type":"post","link":"https:\/\/fortidelrourell.es\/ca\/els-passos-essencials-per-a-celebrar-unes-noces-reeixides\/","title":{"rendered":"Els passos essencials per a celebrar unes noces reeixides"},"content":{"rendered":"<p>[et_pb_section fb_built=&#8221;1&#8243; _builder_version=&#8221;4.16&#8243; width=&#8221;100%&#8221; max_width=&#8221;100%&#8221; min_height=&#8221;1855.4px&#8221; custom_padding=&#8221;0px|||||&#8221; global_colors_info=&#8221;{}&#8221; locked=&#8221;off&#8221;][et_pb_row _builder_version=&#8221;4.21.2&#8243; _module_preset=&#8221;default&#8221; global_colors_info=&#8221;{}&#8221;][et_pb_column type=&#8221;4_4&#8243; _builder_version=&#8221;4.21.2&#8243; _module_preset=&#8221;default&#8221; global_colors_info=&#8221;{}&#8221;][et_pb_text _builder_version=&#8221;4.21.2&#8243; text_font_size=&#8221;18px&#8221; text_line_height=&#8221;1.8em&#8221; background_size=&#8221;initial&#8221; background_position=&#8221;top_left&#8221; background_repeat=&#8221;repeat&#8221; text_orientation=&#8221;justified&#8221; min_height=&#8221;223.9px&#8221; custom_padding=&#8221;||0px|||&#8221; hover_enabled=&#8221;0&#8243; locked=&#8221;off&#8221; global_colors_info=&#8221;{}&#8221; sticky_enabled=&#8221;0&#8243;]<\/p>\n<p style=\"text-align: justify;\">A l&#8217;hora de celebrar unes <b>noces<\/b>, \u00e9s fonamental <b>seguir<\/b> una s\u00e8rie de <b>passos clau<\/b> per a assegurar el seu <b>\u00e8xit<\/b>. En els <b>primers mesos<\/b>, s&#8217;ha de triar la <b>data<\/b> i definir el tipus de noces, calcular el <b>pressupost<\/b> i <b>nombre<\/b> de <b>convidats<\/b>, i reservar el lloc per al <b>banquet<\/b> i la <b>cerim\u00f2nia<\/b>. Tamb\u00e9 \u00e9s important contractar <b>fot\u00f2graf<\/b>, <b>vide\u00f2graf<\/b> i <b>servei d&#8217;\u00e0pats<\/b>, i triar la <b>decoraci\u00f3<\/b> juntament amb una llista preliminar de convidats. Posteriorment, s&#8217;han d&#8217;iniciar <b>tr\u00e0mits<\/b> <b>legals<\/b>, buscar <b>m\u00fasica<\/b>, encarregar <b>invitacions<\/b> i <b>detalls<\/b>, i seleccionar el <b>vestit<\/b> de n\u00favia. Si \u00e9s un proc\u00e9s que els nuvis veuen molt complicat d&#8217;assumir en solitari, podran comptar amb l&#8217;ajuda de Carla, la nostra <span class=\"hiddenSpellError\"><b>WeddingPlanner<\/b><\/span>, que us acompanyar\u00e0 en tot moment: abans, durant i despr\u00e9s de les noces. Continua llegint per a con\u00e8ixer els passos essencials per a celebrar unes noces reeixides!<\/p>\n<h2><\/h2>\n<h2><strong>De 12 a 9 mesos abans<\/strong><\/h2>\n<p style=\"text-align: justify;\">En aquesta etapa inicial, \u00e9s fonamental <b>establir<\/b> les <b>bases<\/b> s\u00f2lides per a la <b>planificaci\u00f3<\/b> de les noces. Aqu\u00ed tens els passos que has de continuar durant aquest per\u00edode:<\/p>\n<h3><strong>Triar la data i definir el tipus de noces<\/strong><\/h3>\n<p style=\"text-align: justify;\">Tria acuradament la data per a les teves noces, considerant factors com l&#8217;<b>estaci\u00f3 de l&#8217;any<\/b> i les <b>prefer\u00e8ncies personals.<\/b> A m\u00e9s, \u00e9s important determinar el <b>tipus de noces<\/b> que desitges tenir, sigui una <b>cerim\u00f2nia tradicional, civil o religiosa<\/b>, ja que aix\u00f2 influir\u00e0 en els seg\u00fcents preparatius.<\/p>\n<h3 style=\"text-align: justify;\"><strong>Calcular el pressupost i nombre de convidats<\/strong><\/h3>\n<p style=\"text-align: justify;\">Un dels aspectes crucials \u00e9s <b>establir un pressupost aproximat<\/b> per a les noces. Determina <span class=\"hiddenGrammarError\">quant<\/span> est\u00e0s disposat a invertir i <b>distribueix els diners<\/b> en funci\u00f3 de les diferents partides, com el <b>lloc<\/b> de celebraci\u00f3, el <b>menjar<\/b>, la <b>decoraci\u00f3<\/b> i els <b>serveis<\/b><i> <\/i>contractats. A m\u00e9s, calcula aproximadament el <b>nombre de convidats <\/b>que desitges tenir, tenint en compte el pressupost i l&#8217;espai disponible.<\/p>\n<h3 style=\"text-align: justify;\"><strong>Reservar el lloc per al banquet i la cerim\u00f2nia<\/strong><\/h3>\n<p style=\"text-align: justify;\">\u00c9s moment de <b>buscar<\/b> i <b>reservar<\/b> el lloc ideal per a <b>celebrar<\/b> tant la <b>cerim\u00f2nia<\/b> com el <b>banquet<\/b>. Visita diferents opcions, <b>tenint en compte<\/b> aspectes com la <b>capacitat<\/b>, la <b>ubicaci\u00f3<\/b>, la <b>bellesa<\/b> de l&#8217;espai i els <b>serveis<\/b> que ofereixen. Per a la <b>cerim\u00f2nia<\/b>, des del <strong><a href=\"https:\/\/fortidelrourell.es\/ca\/bodes-castell-forti-rourell\/\">Fort\u00ed del Rourell<\/a><\/strong> et recomanem per a aquest <b>moment tan especial <\/b><strong><a href=\"https:\/\/fortidelrourell.es\/ca\/espais-bodes-castell-forti-rourell\/\">La Cotxera<\/a><\/strong>. Naturalesa oberta amb la paret del castell com a tel\u00f3 de fons i un llarg passad\u00eds ideal perqu\u00e8 els nuvis tinguin la seva entrada somiada. Per al moment <b>aperitiu<\/b>, <strong><a href=\"https:\/\/fortidelrourell.es\/ca\/espais-bodes-castell-forti-rourell\/\">El Pati<\/a><\/strong> del castell \u00e9s l&#8217;espai perfecte. Un espai condicionat per a gaudir dels entrants del men\u00fa envoltats dels imponents murs del fort\u00ed.<\/p>\n<p style=\"text-align: justify;\">Una vegada que hagis trobat el lloc perfecte, assegura&#8217;t de <b>realitzar la reserva <\/b>amb suficient antelaci\u00f3 per a garantir la disponibilitat en la data seleccionada.<\/p>\n<p style=\"text-align: justify;\">[\/et_pb_text][\/et_pb_column][\/et_pb_row][et_pb_row column_structure=&#8221;1_2,1_2&#8243; _builder_version=&#8221;4.21.2&#8243; _module_preset=&#8221;default&#8221; min_height=&#8221;464px&#8221; custom_padding=&#8221;||0px|||&#8221; global_colors_info=&#8221;{}&#8221;][et_pb_column type=&#8221;1_2&#8243; _builder_version=&#8221;4.21.2&#8243; _module_preset=&#8221;default&#8221; global_colors_info=&#8221;{}&#8221;][et_pb_text _builder_version=&#8221;4.21.2&#8243; _module_preset=&#8221;default&#8221; text_font_size=&#8221;18px&#8221; text_line_height=&#8221;1.8em&#8221; custom_margin=&#8221;-59px||||false|false&#8221; hover_enabled=&#8221;0&#8243; global_colors_info=&#8221;{}&#8221; sticky_enabled=&#8221;0&#8243;]<\/p>\n<h2 style=\"text-align: justify;\"><strong><span><\/span><\/strong><\/h2>\n<h2 style=\"text-align: justify;\"><strong><span><\/span><\/strong><\/h2>\n<h3 style=\"text-align: justify;\"><strong><span>Buscar i contractar fot\u00f2graf, vide\u00f2graf i servei d&#8217;\u00e0pats<\/span><br \/><\/strong><\/h3>\n<p style=\"text-align: justify;\">No pots deixar de costat la contractaci\u00f3 de <b>professionals<\/b> en <b>fotografia<\/b> i <b>v\u00eddeo<\/b> per a capturar els <b>moments<\/b> m\u00e9s <b>especials<\/b> de les teves <b>noces<\/b>. Investiga diferents opcions, revisa els seus <b>dossiers<\/b> i tria aquells que s&#8217;ajustin al teu estil i pressupost.<\/p>\n<p style=\"text-align: justify;\"><span>De la mateixa manera, contracta un servei de <strong><a href=\"https:\/\/fortidelrourell.es\/ca\/menus-de-boda\/\">servei d&#8217;\u00e0pats<\/a> <\/strong>que ofereixi una <strong>deliciosa proposta gastron\u00f2mica<\/strong>, concorde als teus gustos i necessitats. Al <strong><a href=\"https:\/\/fortidelrourell.es\/ca\/bodes-castell-forti-rourell\/\">Fort\u00ed del Rourell<\/a> <\/strong>disposem d&#8217;un servei de<strong><a href=\"https:\/\/fortidelrourell.es\/ca\/menus-de-boda\/\"> men\u00fas de noces<\/a> <\/strong>excel\u00b7lents. Pots triar entre tres men\u00fas diferents: <strong><a href=\"https:\/\/fortidelrourell.es\/wp-content\/uploads\/2022\/11\/Fort%C3%AD-del-Rourell-bodas-2022_compressed.pdf\">Men\u00fa <\/a><\/strong><\/span><strong><a href=\"https:\/\/fortidelrourell.es\/wp-content\/uploads\/2022\/11\/Fort%C3%AD-del-Rourell-bodas-2022_compressed.pdf\"><span class=\"hiddenSpellError\">Luxury<\/span><\/a><\/strong><span>, <strong><a href=\"https:\/\/fortidelrourell.es\/wp-content\/uploads\/2022\/11\/Fort%C3%AD-del-Rourell-bodas-2022_compressed.pdf\">Men\u00fa <\/a><\/strong><\/span><strong><a href=\"https:\/\/fortidelrourell.es\/wp-content\/uploads\/2022\/11\/Fort%C3%AD-del-Rourell-bodas-2022_compressed.pdf\">Cl\u00e0ssic<\/a><\/strong><span> i <strong><a href=\"https:\/\/fortidelrourell.es\/wp-content\/uploads\/2022\/11\/Fort%C3%AD-del-Rourell-bodas-2022_compressed.pdf\">Men\u00fa Elixir.<\/a><\/strong><\/span><\/p>\n<p>[\/et_pb_text][\/et_pb_column][et_pb_column type=&#8221;1_2&#8243; _builder_version=&#8221;4.21.2&#8243; _module_preset=&#8221;default&#8221; global_colors_info=&#8221;{}&#8221;][et_pb_image src=&#8221;https:\/\/fortidelrourell.es\/wp-content\/uploads\/2023\/08\/IMG_3169_11zon.jpg&#8221; alt=&#8221;una boda de inicio a fin&#8221; title_text=&#8221;una boda de inicio a fin&#8221; _builder_version=&#8221;4.21.2&#8243; _module_preset=&#8221;default&#8221; custom_margin=&#8221;-72px||||false|false&#8221; global_colors_info=&#8221;{}&#8221;][\/et_pb_image][\/et_pb_column][\/et_pb_row][et_pb_row _builder_version=&#8221;4.21.2&#8243; _module_preset=&#8221;default&#8221; global_colors_info=&#8221;{}&#8221;][et_pb_column type=&#8221;4_4&#8243; _builder_version=&#8221;4.21.2&#8243; _module_preset=&#8221;default&#8221; global_colors_info=&#8221;{}&#8221;][et_pb_text _builder_version=&#8221;4.21.2&#8243; _module_preset=&#8221;default&#8221; text_font_size=&#8221;18px&#8221; text_line_height=&#8221;1.8em&#8221; hover_enabled=&#8221;0&#8243; locked=&#8221;off&#8221; global_colors_info=&#8221;{}&#8221; sticky_enabled=&#8221;0&#8243;]<\/p>\n<h3 style=\"text-align: justify;\"><strong><span>Triar la decoraci\u00f3 i elaborar una llista preliminar de convidats<\/span><\/strong><\/h3>\n<p style=\"text-align: justify;\">La <b>decoraci\u00f3<\/b> \u00e9s clau per a crear l&#8217;<b>ambient que desitges<\/b> en les teves noces. Pensa en <b>l&#8217;estil<\/b> que vols transmetre i <b>tria<\/b> <b>colors<\/b>, <b>flors<\/b> i <b>elements<\/b> <b>decoratius<\/b> que encaixin amb la teva visi\u00f3. A m\u00e9s, elabora una <b>llista preliminar de convidats<\/b>, agrupant-los per categories com a <b>fam\u00edlia<\/b>, <b>amics<\/b> pr\u00f2xims i <b>companys<\/b> de treball, la qual cosa facilitar\u00e0 la <b>distribuci\u00f3 en les taules.<\/b><\/p>\n<p>Assegura&#8217;t de seguir aquests passos amb anticipaci\u00f3 per a evitar imprevistos i gaudir d&#8217;una planificaci\u00f3 m\u00e9s relaxada durant els mesos seg\u00fcents.<\/p>\n<h2><strong><span>De 6 a 4 mesos abans<\/span><\/strong><\/h2>\n<h3><strong><span>Iniciar l&#8217;expedient matrimonial<\/span><\/strong><\/h3>\n<p style=\"text-align: justify;\">Abans d&#8217;avan\u00e7ar en els preparatius, \u00e9s fonamental comen\u00e7ar l&#8217;expedient matrimonial. Aix\u00f2 implica acudir al <b>Registre Civil<\/b> corresponent i <b>presentar<\/b> la <b>documentaci\u00f3 requerida <\/b>per a obtenir la <b>partida<\/b> de <b>matrimoni<\/b>. \u00c9s important <b>informar-se<\/b> sobre els <b>terminis<\/b> i <b>requisits<\/b> espec\u00edfics de cada lloc per a evitar contratemps.<\/p>\n<h3><strong><span>Buscar i contractar la m\u00fasica<\/span><\/strong><\/h3>\n<p style=\"text-align: justify;\">La m\u00fasica \u00e9s un <b>element essencial <\/b>en unes noces, per la qual cosa \u00e9s moment de buscar i contractar els professionals adequats. Ja sigui una <b>banda<\/b> en viu, un <b>DJ<\/b> o un <b>grup<\/b> musical, \u00e9s rellevant escoltar mostres del seu treball i assegurar-se que s&#8217;adaptin a <b>l&#8217;estil<\/b> i <b>gust de la parella.<\/b> A m\u00e9s, \u00e9s recomanable fer una <b>llista<\/b> amb les <b>can\u00e7ons<\/b> que es desitgen escoltar <b>durant<\/b> la <b>cerim\u00f2nia<\/b> i la <b>festa<\/b>.<\/p>\n<h3><strong><span>Encarregar les invitacions i detalls per als convidats<\/span><\/strong><\/h3>\n<p style=\"text-align: justify;\">En aquesta etapa, \u00e9s el moment perfecte per a encarregar les <b>invitacions de noces.<\/b> Ja sigui que s&#8217;opti per <b>dissenys personalitzats<\/b> o per <b>opcions<\/b> m\u00e9s <b>senzilles<\/b>, \u00e9s crucial triar un estil d&#8217;acord amb la tem\u00e0tica general de les noces. A m\u00e9s, es poden considerar els <b>detalls per als convidats<\/b>, com a obsequis o <b>records especials<\/b> que reflecteixin la personalitat de la parella.<\/p>\n<h3><strong><span>Triar el vestit de n\u00favia\u00a0<\/span><\/strong><\/h3>\n<p style=\"text-align: justify;\">Un dels moments m\u00e9s emocionants per als nuvis \u00e9s l&#8217;elecci\u00f3 del vestit de n\u00favia o el vestit. \u00c9s recomanable <b>visitar diferents botigues especialitzades,<\/b> <b>provar diferents estils<\/b> i comptar amb <b>l&#8217;opini\u00f3<\/b> de <b>persones<\/b> pr\u00f2ximes de <b>confian\u00e7a<\/b> per a prendre la decisi\u00f3 adequada. A m\u00e9s, \u00e9s <b>important<\/b> tenir en compte els <b>complements<\/b> com a vels, tocats, sabates i joieria.<\/p>\n<h3><strong><span>Reservar transport i allotjament per als convidats<\/span><br \/><\/strong><\/h3>\n<p style=\"text-align: justify;\">\u00c9s fonamental assegurar-se que els convidats disposin de transport i allotjament adequat per a les noces. Per a aix\u00f2, \u00e9s recomanable <b>investigar diferents opcions,<\/b> fer <b>reserves<\/b> amb <b>anticipaci\u00f3<\/b> i assegurar-se que totes les necessitats estiguin cobertes. A m\u00e9s, \u00e9s possible <b>negociar tarifes especials per a grups<\/b> de convidats que s&#8217;allotgin en el mateix lloc. En aquesta etapa dels preparatius, \u00e9s <span class=\"hiddenGreenError\">important<\/span> realitzar cada pas de manera organitzada i tenint en compte els terminis establerts.<\/p>\n<p>[\/et_pb_text][et_pb_image src=&#8221;https:\/\/fortidelrourell.es\/wp-content\/uploads\/2023\/08\/IMG_5537_11zon.webp&#8221; alt=&#8221;pasos para celebrar una  boda exitosa&#8221; title_text=&#8221;pasos para celebrar una  boda exitosa&#8221; _builder_version=&#8221;4.21.2&#8243; _module_preset=&#8221;default&#8221; locked=&#8221;off&#8221; global_colors_info=&#8221;{}&#8221;][\/et_pb_image][et_pb_text _builder_version=&#8221;4.21.2&#8243; _module_preset=&#8221;default&#8221; text_font_size=&#8221;18px&#8221; text_line_height=&#8221;1.8em&#8221; hover_enabled=&#8221;0&#8243; locked=&#8221;off&#8221; global_colors_info=&#8221;{}&#8221; sticky_enabled=&#8221;0&#8243;]<\/p>\n<h2 style=\"text-align: justify;\"><strong><span>De 3-2 mesos abans<\/span><br \/><\/strong><\/h2>\n<p style=\"text-align: justify;\"><span>En aquesta etapa, falten nom\u00e9s uns pocs mesos per al gran dia i \u00e9s el moment de comen\u00e7ar a organitzar alguns detalls importants. Aqu\u00ed et presentem els passos clau que has de seguir:<\/span><\/p>\n<h3><strong><span>Organitzar el comiat de solter\/a<\/span><br \/><\/strong><\/h3>\n<p style=\"text-align: justify;\">\u00c9s hora de planificar un comiat de solter\/a inoblidable per a <b>celebrar la pr\u00f2xima vida matrimonial<\/b>. Tria una <b>data<\/b> que sigui <b>convenient<\/b> per a <b>tots<\/b> els <b>participants<\/b> i tria una <b>activitat<\/b> o <b>esdeveniment<\/b> que s&#8217;adapti a l&#8217;estil del nuvi o la n\u00favia. Pots organitzar un <b>sopar<\/b>, una <b>escapada<\/b> <b>de cap de setmana<\/b> o fins i tot una <b>aventura<\/b> emocionant. Assegura&#8217;t de preparar tot amb suficient antelaci\u00f3 perqu\u00e8 tots puguin planificar i assistir sense problemes.<\/p>\n<h3><strong><span>Triar i comprar les aliances<\/span><br \/><\/strong><\/h3>\n<p style=\"text-align: justify;\">Les aliances s\u00f3n <b>s\u00edmbols<\/b> <span class=\"hiddenGreenError\">importants<\/span> de <b>comprom\u00eds<\/b> i <b>amor etern<\/b>. Dedica temps a buscar i triar acuradament les aliances perfectes que <b>reflecteixin el vostre estil personal<\/b>. <b>Visita<\/b> diferents <b>joieries<\/b> i <b>compara<\/b> opcions en termes de <b>disseny<\/b>, <b>materials<\/b> i <b>preus<\/b>. Una vegada que hagis trobat les aliances ideals, assegura&#8217;t de comprar-les amb suficient antelaci\u00f3 per a evitar contratemps.<\/p>\n<h3><strong><span>Triar el ram per a la n\u00favia<\/span><\/strong><\/h3>\n<p style=\"text-align: justify;\">El ram de la n\u00favia \u00e9s un <b>accessori essencial <\/b>que complementar\u00e0 el seu vestit i estil. <b>Tingues en compte la temporada <\/b>en la qual se celebra les noces, aix\u00ed com els <b>colors<\/b> i <b>flors<\/b> que m\u00e9s <b>t&#8217;agradin<\/b>. Visita a un <b>florista professional<\/b> i discuteix les teves prefer\u00e8ncies perqu\u00e8 puguin crear un <b>ram<\/b> bell i <b>personalitzat<\/b> per a tu. No oblidis reservar-ho amb anticipaci\u00f3 per a assegurar-te de tenir-ho llest per al gran dia.<\/p>\n<h3><strong><span>Fer proves de pentinat i maquillatge<\/span><br \/><\/strong><\/h3>\n<p style=\"text-align: justify;\">\u00c9s recomanable realitzar proves de pentinat i maquillatge per a obtenir l&#8217;<b>aspecte perfecte<\/b> en el dia de les noces. Cerca un <b>estilista<\/b> i un <b>maquillador<\/b> <b>professional<\/b> que et facin <b>sentir c\u00f2moda i confiada<\/b>. Programa una cita per a <b>dur a terme<\/b> una <b>prova<\/b> de <b>pentinat<\/b> i <b>maquillatge<\/b>, i assegura&#8217;t de portar amb tu <b>imatges<\/b> <b>d&#8217;inspiraci\u00f3<\/b> i el teu <b>vestit<\/b> de <b>n\u00favia.<\/b>\u00a0D&#8217;aquesta manera, podr\u00e0s discutir les teves prefer\u00e8ncies i fer ajustos si \u00e9s necessari per a lluir espectacular en el teu gran dia.<\/p>\n<h2><strong><span>Un mes abans de les noces<\/span><\/strong><\/h2>\n<h3><strong><span>Confirmar l&#8217;assist\u00e8ncia dels convidats<\/span><br \/><\/strong><\/h3>\n<p style=\"text-align: justify;\">Abans que arribi el gran dia, \u00e9s important <b>confirmar l&#8217;assist\u00e8ncia dels convidats<\/b>. <b>Posa&#8217;t en contacte amb cadascun<\/b> d&#8217;ells per a assegurar-te que podran ser presents en les teves noces. Aix\u00f2 t&#8217;ajudar\u00e0 a finalitzar els detalls finals i ajustar el nombre de convidats per al banquet i la cerim\u00f2nia.<\/p>\n<h3><strong><span>Recollir el vestit<\/span><\/strong><\/h3>\n<p style=\"text-align: justify;\">\u00c9s crucial que un mes abans de les noces vagis a <b>recollir<\/b> el teu <b>vestit<\/b> de n\u00favia o vestit. Assegura&#8217;t de <b>provar-t&#8217;ho <\/b>per a <b>verificar<\/b> que <b>s&#8217;ajusta perfectament.<\/b> Si \u00e9s necessari, programa una cita amb el sastre per a realitzar els ajustos necessaris i que et sentis c\u00f2moda i segura durant tota la cerim\u00f2nia i la festa.<\/p>\n<h3><strong><span>Preparar les maletes per a la lluna de mel<\/span><\/strong><\/h3>\n<p>Amb la data de les teves noces cada vegada m\u00e9s pr\u00f2xima, \u00e9s moment d&#8217;avan\u00e7ar els preparatius per a la teva lluna de mel. Fes una <b>llista<\/b> amb tot el que <b>necessitar\u00e0s<\/b> <b>portar<\/b> amb tu i <b>comen\u00e7a<\/b> a <b>preparar<\/b> les <b>maletes<\/b>. Recorda incloure <b>documents de viatge, reserves<\/b> d&#8217;hotel i qualsevol altre detall important per a assegurar-te que <b>tot<\/b> estar\u00e0 llest per a partir en el teu viatge de somni. Recorda que aquest mes \u00e9s crucial per a ultimar els detalls i tancar acords pendents. Mantingues la calma i gaudeix del proc\u00e9s de preparaci\u00f3. Aviat estar\u00e0s celebrant les teves noces i embarcant-te en una nova etapa de la teva vida.<\/p>\n<p>[\/et_pb_text][et_pb_image src=&#8221;https:\/\/fortidelrourell.es\/wp-content\/uploads\/2023\/08\/2e1cf568-0636-4dff-b98c-2cdca2e4f87e.webp&#8221; alt=&#8221;pasos para celebrar una boda exitosa&#8221; title_text=&#8221;pasos para celebrar una boda exitosa&#8221; _builder_version=&#8221;4.21.2&#8243; _module_preset=&#8221;default&#8221; global_colors_info=&#8221;{}&#8221;][\/et_pb_image][et_pb_text _builder_version=&#8221;4.21.2&#8243; _module_preset=&#8221;default&#8221; text_font_size=&#8221;18px&#8221; text_line_height=&#8221;1.8em&#8221; hover_enabled=&#8221;0&#8243; locked=&#8221;off&#8221; global_colors_info=&#8221;{}&#8221; sticky_enabled=&#8221;0&#8243;]<\/p>\n<h2><strong><span>\u00daltim <\/span><span class=\"hiddenGrammarError\">mes<\/span><span> abans de les noces<\/span><\/strong><\/h2>\n<h3><strong><span>Ultimar detalls i tancar acords pendents<\/span><\/strong><\/h3>\n<p style=\"text-align: justify;\">Durant l&#8217;\u00faltim mes abans de les noces, \u00e9s fonamental fer un <b>rep\u00e0s exhaustiu de tots els detalls i tancar aquells acords que encara estiguin pendents<\/b>. Aqu\u00ed estan algunes tasques importants a tenir en compte:<\/p>\n<ul>\n<li><b>Confirmar<\/b> tots els <b>serveis contractats<\/b>, com el servei d&#8217;\u00e0pats, el fot\u00f2graf i el vide\u00f2graf, per a assegurar-te que estiguin disponibles en la data acordada.<\/li>\n<li><b>Revisar<\/b> els <b>contractes<\/b> i <b>acords<\/b> amb els prove\u00efdors per a assegurar-te que tot estigui en ordre i no hi hagi sorpreses d&#8217;\u00faltima hora.<\/li>\n<li><b>Coordinar<\/b> amb el <b>lloc<\/b> de la <b>cerim\u00f2nia<\/b> i el <b>banquet<\/b> per a detallar els horaris, la disposici\u00f3 de les taules i qualsevol altra sol\u00b7licitud espec\u00edfica.<\/li>\n<li><b>Realitzar<\/b> una <b>prova<\/b> del <b>men\u00fa<\/b> amb el servei d&#8217;\u00e0pats per a assegurar-te que tot estigui al teu gust i confirmar els plats triats.<\/li>\n<li><b>Comunicar-te<\/b> amb els <b>m\u00fasics<\/b> o el <b>DJ<\/b> per a repassar la llista de can\u00e7ons i assegurar-te que tinguin la m\u00fasica adequada per a la cerim\u00f2nia i la festa.<\/li>\n<\/ul>\n<h3><strong><span>Mantenir la calma i gaudir del gran dia<\/span><\/strong><\/h3>\n<p style=\"text-align: justify;\">En aquest \u00faltim <span class=\"hiddenGrammarError\">mes<\/span>, \u00e9s <b>normal sentir-se<\/b> una mica <b>nervi\u00f3s<\/b> o <b>estressat<\/b>, per\u00f2 \u00e9s important recordar que l&#8217;objectiu principal \u00e9s gaudir del teu gran dia. Aqu\u00ed hi ha alguns consells per a mantenir la calma durant aquesta etapa:<\/p>\n<ul>\n<li><b>Delegar responsabilitats<\/b> en familiars o amics pr\u00f2xims perqu\u00e8 t&#8217;ajudin amb les \u00faltimes tasques i aix\u00ed no sentir-te aclaparat\/a.<\/li>\n<li>Recorda<b> reservar temps per a tu mateix\/a<\/b> i per a relaxar-te, ja sigui practicant algun esport, llegint un llibre o fent activitats que t&#8217;agradin.<\/li>\n<li><b>Confia<\/b> que tots els preparatius s&#8217;han realitzat correctament i confia en els <b>professionals<\/b> contractats perqu\u00e8 tot surti segons el planificat.<\/li>\n<li><b>Gaudeix<\/b> de <b>moments<\/b> <b>especials<\/b> amb la teva <b>parella<\/b>, com un sopar rom\u00e0ntic o una escapada de cap de setmana, per a buidar la ment i celebrar el vostre amor abans de les noces.<\/li>\n<li>No oblidis <b>descansar<\/b> prou i cuidar el teu benestar f\u00edsic i emocional, per a arribar al gran dia ple\/a d&#8217;energia i felicitat.<\/li>\n<\/ul>\n<p style=\"text-align: justify;\"><span>Recorda que aquest \u00faltim <\/span><span class=\"hiddenGrammarError\">mes<\/span><span> \u00e9s el moment de gaudir i de viure cada moment d&#8217;aquesta bella etapa. El gran dia s&#8217;acosta i tot estar\u00e0 preparat perqu\u00e8 sigui inoblidable!<\/span><\/p>\n<p>[\/et_pb_text][et_pb_text _builder_version=&#8221;4.21.2&#8243; _module_preset=&#8221;default&#8221; text_font_size=&#8221;18px&#8221; text_line_height=&#8221;1.8em&#8221; text_orientation=&#8221;justified&#8221; hover_enabled=&#8221;0&#8243; global_colors_info=&#8221;{}&#8221; locked=&#8221;off&#8221; sticky_enabled=&#8221;0&#8243;]<\/p>\n<p style=\"text-align: justify;\">Al <a href=\"https:\/\/fortidelrourell.es\/ca\/\"><strong>Fort\u00ed del Rourell<\/strong><\/a>, us podem aconsellar i ajudar en tot el que necessiteu perqu\u00e8 el dia de les vostres noces sigui perfecte. A m\u00e9s, si esteu pensant a celebrar aqu\u00ed les vostres <strong><a href=\"https:\/\/fortidelrourell.es\/ca\/bodes-castell-forti-rourell\/\">noces<\/a><\/strong>, Carla, nostra <span class=\"hiddenSpellError\"><b>WeddingPlanner<\/b><\/span>, us acompanyar\u00e0 en tot moment.<\/p>\n<p style=\"text-align: justify;\"><b>Tots els espais del castell estaran disponibles per a vosaltres.<\/b> <b><a href=\"https:\/\/fortidelrourell.es\/ca\/espais-bodes-castell-forti-rourell\/\">Aqu\u00ed <\/a><\/b>podeu consultar-los tots i escollir el que m\u00e9s us agradi per a cada moment.<\/p>\n<p style=\"text-align: justify;\">Si voleu saber m\u00e9s sobre les <strong><a href=\"https:\/\/fortidelrourell.es\/ca\/bodes-castell-forti-rourell\/\">bodes al Fort\u00ed del Rourell,<\/a><\/strong> pots contactar amb nosaltres en el <b>623 196 600<\/b> o enviar-nos un correu a <b>eventos@fortidelrourell.es<\/b>. I no oblideu seguir-nos en el nostre <span class=\"hiddenSpellError\">instagram<\/span> <a href=\"https:\/\/www.instagram.com\/fortirourell\/\"><strong>@fortirourell<\/strong><\/a> per a assabentar-vos de tots els detalls!<\/p>\n<p>[\/et_pb_text][\/et_pb_column][\/et_pb_row][\/et_pb_section]<\/p>\n","protected":false},"excerpt":{"rendered":"<p>A l&#8217;hora de celebrar unes noces, \u00e9s fonamental seguir una s\u00e8rie de passos clau per a assegurar el seu \u00e8xit. En els primers mesos, s&#8217;ha de triar la data i definir el tipus de noces, calcular el pressupost i nombre de convidats, i reservar el lloc per al banquet i la cerim\u00f2nia. Tamb\u00e9 \u00e9s important [&hellip;]<\/p>\n","protected":false},"author":119,"featured_media":14070,"comment_status":"closed","ping_status":"open","sticky":false,"template":"","format":"standard","meta":{"_et_pb_use_builder":"on","_et_pb_old_content":"","_et_gb_content_width":"","footnotes":""},"categories":[],"tags":[],"class_list":["post-14068","post","type-post","status-publish","format-standard","has-post-thumbnail","hentry"],"yoast_head":"<!-- This site is optimized with the Yoast SEO plugin v27.5 - https:\/\/yoast.com\/product\/yoast-seo-wordpress\/ -->\n<title>Els passos essencials per a celebrar unes noces reeixides - Forti del Rourell<\/title>\n<meta name=\"description\" content=\"En aquest blog de Fort\u00ed del Rourell t&#039;expliquem quins s\u00f3n els passos essencials per a celebrar unes noces reeixides \ud83d\udc8d\" \/>\n<meta name=\"robots\" content=\"index, follow, max-snippet:-1, max-image-preview:large, max-video-preview:-1\" \/>\n<link rel=\"canonical\" href=\"https:\/\/fortidelrourell.es\/ca\/els-passos-essencials-per-a-celebrar-unes-noces-reeixides\/\" \/>\n<meta property=\"og:locale\" content=\"ca_ES\" \/>\n<meta property=\"og:type\" content=\"article\" \/>\n<meta property=\"og:title\" content=\"Els passos essencials per a celebrar unes noces reeixides - Forti del Rourell\" \/>\n<meta property=\"og:description\" content=\"En aquest blog de Fort\u00ed del Rourell t&#039;expliquem quins s\u00f3n els passos essencials per a celebrar unes noces reeixides \ud83d\udc8d\" \/>\n<meta property=\"og:url\" content=\"https:\/\/fortidelrourell.es\/ca\/els-passos-essencials-per-a-celebrar-unes-noces-reeixides\/\" \/>\n<meta property=\"og:site_name\" content=\"Forti del Rourell\" \/>\n<meta property=\"article:published_time\" content=\"2023-08-04T11:14:23+00:00\" \/>\n<meta property=\"article:modified_time\" content=\"2023-08-04T11:14:27+00:00\" \/>\n<meta property=\"og:image\" content=\"https:\/\/fortidelrourell.es\/wp-content\/uploads\/2023\/08\/Forti-del-Rourell-463_11zon.webp\" \/>\n\t<meta property=\"og:image:width\" content=\"1313\" \/>\n\t<meta property=\"og:image:height\" content=\"875\" \/>\n\t<meta property=\"og:image:type\" content=\"image\/webp\" \/>\n<meta name=\"author\" content=\"Mar\u00eda Cebri\u00e1n\" \/>\n<meta name=\"twitter:card\" content=\"summary_large_image\" \/>\n<meta name=\"twitter:label1\" content=\"Escrit per\" \/>\n\t<meta name=\"twitter:data1\" content=\"Mar\u00eda Cebri\u00e1n\" \/>\n\t<meta name=\"twitter:label2\" content=\"Temps estimat de lectura\" \/>\n\t<meta name=\"twitter:data2\" content=\"13 minuts\" \/>\n<script type=\"application\/ld+json\" class=\"yoast-schema-graph\">{\"@context\":\"https:\\\/\\\/schema.org\",\"@graph\":[{\"@type\":\"Article\",\"@id\":\"https:\\\/\\\/fortidelrourell.es\\\/ca\\\/els-passos-essencials-per-a-celebrar-unes-noces-reeixides\\\/#article\",\"isPartOf\":{\"@id\":\"https:\\\/\\\/fortidelrourell.es\\\/ca\\\/els-passos-essencials-per-a-celebrar-unes-noces-reeixides\\\/\"},\"author\":{\"name\":\"Mar\u00eda Cebri\u00e1n\",\"@id\":\"https:\\\/\\\/fortidelrourell.es\\\/ca\\\/#\\\/schema\\\/person\\\/19929346e621c61aa7fac8be21e07cff\"},\"headline\":\"Els passos essencials per a celebrar unes noces reeixides\",\"datePublished\":\"2023-08-04T11:14:23+00:00\",\"dateModified\":\"2023-08-04T11:14:27+00:00\",\"mainEntityOfPage\":{\"@id\":\"https:\\\/\\\/fortidelrourell.es\\\/ca\\\/els-passos-essencials-per-a-celebrar-unes-noces-reeixides\\\/\"},\"wordCount\":2649,\"image\":{\"@id\":\"https:\\\/\\\/fortidelrourell.es\\\/ca\\\/els-passos-essencials-per-a-celebrar-unes-noces-reeixides\\\/#primaryimage\"},\"thumbnailUrl\":\"https:\\\/\\\/fortidelrourell.es\\\/wp-content\\\/uploads\\\/2023\\\/08\\\/Forti-del-Rourell-463_11zon.webp\",\"inLanguage\":\"ca\"},{\"@type\":\"WebPage\",\"@id\":\"https:\\\/\\\/fortidelrourell.es\\\/ca\\\/els-passos-essencials-per-a-celebrar-unes-noces-reeixides\\\/\",\"url\":\"https:\\\/\\\/fortidelrourell.es\\\/ca\\\/els-passos-essencials-per-a-celebrar-unes-noces-reeixides\\\/\",\"name\":\"Els passos essencials per a celebrar unes noces reeixides - Forti del Rourell\",\"isPartOf\":{\"@id\":\"https:\\\/\\\/fortidelrourell.es\\\/ca\\\/#website\"},\"primaryImageOfPage\":{\"@id\":\"https:\\\/\\\/fortidelrourell.es\\\/ca\\\/els-passos-essencials-per-a-celebrar-unes-noces-reeixides\\\/#primaryimage\"},\"image\":{\"@id\":\"https:\\\/\\\/fortidelrourell.es\\\/ca\\\/els-passos-essencials-per-a-celebrar-unes-noces-reeixides\\\/#primaryimage\"},\"thumbnailUrl\":\"https:\\\/\\\/fortidelrourell.es\\\/wp-content\\\/uploads\\\/2023\\\/08\\\/Forti-del-Rourell-463_11zon.webp\",\"datePublished\":\"2023-08-04T11:14:23+00:00\",\"dateModified\":\"2023-08-04T11:14:27+00:00\",\"author\":{\"@id\":\"https:\\\/\\\/fortidelrourell.es\\\/ca\\\/#\\\/schema\\\/person\\\/19929346e621c61aa7fac8be21e07cff\"},\"description\":\"En aquest blog de Fort\u00ed del Rourell t'expliquem quins s\u00f3n els passos essencials per a celebrar unes noces reeixides \ud83d\udc8d\",\"breadcrumb\":{\"@id\":\"https:\\\/\\\/fortidelrourell.es\\\/ca\\\/els-passos-essencials-per-a-celebrar-unes-noces-reeixides\\\/#breadcrumb\"},\"inLanguage\":\"ca\",\"potentialAction\":[{\"@type\":\"ReadAction\",\"target\":[\"https:\\\/\\\/fortidelrourell.es\\\/ca\\\/els-passos-essencials-per-a-celebrar-unes-noces-reeixides\\\/\"]}]},{\"@type\":\"ImageObject\",\"inLanguage\":\"ca\",\"@id\":\"https:\\\/\\\/fortidelrourell.es\\\/ca\\\/els-passos-essencials-per-a-celebrar-unes-noces-reeixides\\\/#primaryimage\",\"url\":\"https:\\\/\\\/fortidelrourell.es\\\/wp-content\\\/uploads\\\/2023\\\/08\\\/Forti-del-Rourell-463_11zon.webp\",\"contentUrl\":\"https:\\\/\\\/fortidelrourell.es\\\/wp-content\\\/uploads\\\/2023\\\/08\\\/Forti-del-Rourell-463_11zon.webp\",\"width\":1313,\"height\":875,\"caption\":\"una boda de inicio a fin\"},{\"@type\":\"BreadcrumbList\",\"@id\":\"https:\\\/\\\/fortidelrourell.es\\\/ca\\\/els-passos-essencials-per-a-celebrar-unes-noces-reeixides\\\/#breadcrumb\",\"itemListElement\":[{\"@type\":\"ListItem\",\"position\":1,\"name\":\"Portada\",\"item\":\"https:\\\/\\\/fortidelrourell.es\\\/ca\\\/\"},{\"@type\":\"ListItem\",\"position\":2,\"name\":\"Els passos essencials per a celebrar unes noces reeixides\"}]},{\"@type\":\"WebSite\",\"@id\":\"https:\\\/\\\/fortidelrourell.es\\\/ca\\\/#website\",\"url\":\"https:\\\/\\\/fortidelrourell.es\\\/ca\\\/\",\"name\":\"Forti del Rourell\",\"description\":\"Una experiencia \u00fanica en un entorno privilegiado.\",\"potentialAction\":[{\"@type\":\"SearchAction\",\"target\":{\"@type\":\"EntryPoint\",\"urlTemplate\":\"https:\\\/\\\/fortidelrourell.es\\\/ca\\\/?s={search_term_string}\"},\"query-input\":{\"@type\":\"PropertyValueSpecification\",\"valueRequired\":true,\"valueName\":\"search_term_string\"}}],\"inLanguage\":\"ca\"},{\"@type\":\"Person\",\"@id\":\"https:\\\/\\\/fortidelrourell.es\\\/ca\\\/#\\\/schema\\\/person\\\/19929346e621c61aa7fac8be21e07cff\",\"name\":\"Mar\u00eda Cebri\u00e1n\",\"image\":{\"@type\":\"ImageObject\",\"inLanguage\":\"ca\",\"@id\":\"https:\\\/\\\/secure.gravatar.com\\\/avatar\\\/bac6cb8f7fbee021d1b6b9553c00a01d32e3bbef10cad770e83b584c805609c0?s=96&d=mm&r=g\",\"url\":\"https:\\\/\\\/secure.gravatar.com\\\/avatar\\\/bac6cb8f7fbee021d1b6b9553c00a01d32e3bbef10cad770e83b584c805609c0?s=96&d=mm&r=g\",\"contentUrl\":\"https:\\\/\\\/secure.gravatar.com\\\/avatar\\\/bac6cb8f7fbee021d1b6b9553c00a01d32e3bbef10cad770e83b584c805609c0?s=96&d=mm&r=g\",\"caption\":\"Mar\u00eda Cebri\u00e1n\"}}]}<\/script>\n<!-- \/ Yoast SEO plugin. -->","yoast_head_json":{"title":"Els passos essencials per a celebrar unes noces reeixides - Forti del Rourell","description":"En aquest blog de Fort\u00ed del Rourell t'expliquem quins s\u00f3n els passos essencials per a celebrar unes noces reeixides \ud83d\udc8d","robots":{"index":"index","follow":"follow","max-snippet":"max-snippet:-1","max-image-preview":"max-image-preview:large","max-video-preview":"max-video-preview:-1"},"canonical":"https:\/\/fortidelrourell.es\/ca\/els-passos-essencials-per-a-celebrar-unes-noces-reeixides\/","og_locale":"ca_ES","og_type":"article","og_title":"Els passos essencials per a celebrar unes noces reeixides - Forti del Rourell","og_description":"En aquest blog de Fort\u00ed del Rourell t'expliquem quins s\u00f3n els passos essencials per a celebrar unes noces reeixides \ud83d\udc8d","og_url":"https:\/\/fortidelrourell.es\/ca\/els-passos-essencials-per-a-celebrar-unes-noces-reeixides\/","og_site_name":"Forti del Rourell","article_published_time":"2023-08-04T11:14:23+00:00","article_modified_time":"2023-08-04T11:14:27+00:00","og_image":[{"width":1313,"height":875,"url":"https:\/\/fortidelrourell.es\/wp-content\/uploads\/2023\/08\/Forti-del-Rourell-463_11zon.webp","type":"image\/webp"}],"author":"Mar\u00eda Cebri\u00e1n","twitter_card":"summary_large_image","twitter_misc":{"Escrit per":"Mar\u00eda Cebri\u00e1n","Temps estimat de lectura":"13 minuts"},"schema":{"@context":"https:\/\/schema.org","@graph":[{"@type":"Article","@id":"https:\/\/fortidelrourell.es\/ca\/els-passos-essencials-per-a-celebrar-unes-noces-reeixides\/#article","isPartOf":{"@id":"https:\/\/fortidelrourell.es\/ca\/els-passos-essencials-per-a-celebrar-unes-noces-reeixides\/"},"author":{"name":"Mar\u00eda Cebri\u00e1n","@id":"https:\/\/fortidelrourell.es\/ca\/#\/schema\/person\/19929346e621c61aa7fac8be21e07cff"},"headline":"Els passos essencials per a celebrar unes noces reeixides","datePublished":"2023-08-04T11:14:23+00:00","dateModified":"2023-08-04T11:14:27+00:00","mainEntityOfPage":{"@id":"https:\/\/fortidelrourell.es\/ca\/els-passos-essencials-per-a-celebrar-unes-noces-reeixides\/"},"wordCount":2649,"image":{"@id":"https:\/\/fortidelrourell.es\/ca\/els-passos-essencials-per-a-celebrar-unes-noces-reeixides\/#primaryimage"},"thumbnailUrl":"https:\/\/fortidelrourell.es\/wp-content\/uploads\/2023\/08\/Forti-del-Rourell-463_11zon.webp","inLanguage":"ca"},{"@type":"WebPage","@id":"https:\/\/fortidelrourell.es\/ca\/els-passos-essencials-per-a-celebrar-unes-noces-reeixides\/","url":"https:\/\/fortidelrourell.es\/ca\/els-passos-essencials-per-a-celebrar-unes-noces-reeixides\/","name":"Els passos essencials per a celebrar unes noces reeixides - Forti del Rourell","isPartOf":{"@id":"https:\/\/fortidelrourell.es\/ca\/#website"},"primaryImageOfPage":{"@id":"https:\/\/fortidelrourell.es\/ca\/els-passos-essencials-per-a-celebrar-unes-noces-reeixides\/#primaryimage"},"image":{"@id":"https:\/\/fortidelrourell.es\/ca\/els-passos-essencials-per-a-celebrar-unes-noces-reeixides\/#primaryimage"},"thumbnailUrl":"https:\/\/fortidelrourell.es\/wp-content\/uploads\/2023\/08\/Forti-del-Rourell-463_11zon.webp","datePublished":"2023-08-04T11:14:23+00:00","dateModified":"2023-08-04T11:14:27+00:00","author":{"@id":"https:\/\/fortidelrourell.es\/ca\/#\/schema\/person\/19929346e621c61aa7fac8be21e07cff"},"description":"En aquest blog de Fort\u00ed del Rourell t'expliquem quins s\u00f3n els passos essencials per a celebrar unes noces reeixides \ud83d\udc8d","breadcrumb":{"@id":"https:\/\/fortidelrourell.es\/ca\/els-passos-essencials-per-a-celebrar-unes-noces-reeixides\/#breadcrumb"},"inLanguage":"ca","potentialAction":[{"@type":"ReadAction","target":["https:\/\/fortidelrourell.es\/ca\/els-passos-essencials-per-a-celebrar-unes-noces-reeixides\/"]}]},{"@type":"ImageObject","inLanguage":"ca","@id":"https:\/\/fortidelrourell.es\/ca\/els-passos-essencials-per-a-celebrar-unes-noces-reeixides\/#primaryimage","url":"https:\/\/fortidelrourell.es\/wp-content\/uploads\/2023\/08\/Forti-del-Rourell-463_11zon.webp","contentUrl":"https:\/\/fortidelrourell.es\/wp-content\/uploads\/2023\/08\/Forti-del-Rourell-463_11zon.webp","width":1313,"height":875,"caption":"una boda de inicio a fin"},{"@type":"BreadcrumbList","@id":"https:\/\/fortidelrourell.es\/ca\/els-passos-essencials-per-a-celebrar-unes-noces-reeixides\/#breadcrumb","itemListElement":[{"@type":"ListItem","position":1,"name":"Portada","item":"https:\/\/fortidelrourell.es\/ca\/"},{"@type":"ListItem","position":2,"name":"Els passos essencials per a celebrar unes noces reeixides"}]},{"@type":"WebSite","@id":"https:\/\/fortidelrourell.es\/ca\/#website","url":"https:\/\/fortidelrourell.es\/ca\/","name":"Forti del Rourell","description":"Una experiencia \u00fanica en un entorno privilegiado.","potentialAction":[{"@type":"SearchAction","target":{"@type":"EntryPoint","urlTemplate":"https:\/\/fortidelrourell.es\/ca\/?s={search_term_string}"},"query-input":{"@type":"PropertyValueSpecification","valueRequired":true,"valueName":"search_term_string"}}],"inLanguage":"ca"},{"@type":"Person","@id":"https:\/\/fortidelrourell.es\/ca\/#\/schema\/person\/19929346e621c61aa7fac8be21e07cff","name":"Mar\u00eda Cebri\u00e1n","image":{"@type":"ImageObject","inLanguage":"ca","@id":"https:\/\/secure.gravatar.com\/avatar\/bac6cb8f7fbee021d1b6b9553c00a01d32e3bbef10cad770e83b584c805609c0?s=96&d=mm&r=g","url":"https:\/\/secure.gravatar.com\/avatar\/bac6cb8f7fbee021d1b6b9553c00a01d32e3bbef10cad770e83b584c805609c0?s=96&d=mm&r=g","contentUrl":"https:\/\/secure.gravatar.com\/avatar\/bac6cb8f7fbee021d1b6b9553c00a01d32e3bbef10cad770e83b584c805609c0?s=96&d=mm&r=g","caption":"Mar\u00eda Cebri\u00e1n"}}]}},"_links":{"self":[{"href":"https:\/\/fortidelrourell.es\/ca\/wp-json\/wp\/v2\/posts\/14068","targetHints":{"allow":["GET"]}}],"collection":[{"href":"https:\/\/fortidelrourell.es\/ca\/wp-json\/wp\/v2\/posts"}],"about":[{"href":"https:\/\/fortidelrourell.es\/ca\/wp-json\/wp\/v2\/types\/post"}],"author":[{"embeddable":true,"href":"https:\/\/fortidelrourell.es\/ca\/wp-json\/wp\/v2\/users\/119"}],"replies":[{"embeddable":true,"href":"https:\/\/fortidelrourell.es\/ca\/wp-json\/wp\/v2\/comments?post=14068"}],"version-history":[{"count":0,"href":"https:\/\/fortidelrourell.es\/ca\/wp-json\/wp\/v2\/posts\/14068\/revisions"}],"wp:featuredmedia":[{"embeddable":true,"href":"https:\/\/fortidelrourell.es\/ca\/wp-json\/wp\/v2\/media\/14070"}],"wp:attachment":[{"href":"https:\/\/fortidelrourell.es\/ca\/wp-json\/wp\/v2\/media?parent=14068"}],"wp:term":[{"taxonomy":"category","embeddable":true,"href":"https:\/\/fortidelrourell.es\/ca\/wp-json\/wp\/v2\/categories?post=14068"},{"taxonomy":"post_tag","embeddable":true,"href":"https:\/\/fortidelrourell.es\/ca\/wp-json\/wp\/v2\/tags?post=14068"}],"curies":[{"name":"wp","href":"https:\/\/api.w.org\/{rel}","templated":true}]}}