{"id":13936,"date":"2023-06-07T14:44:39","date_gmt":"2023-06-07T14:44:39","guid":{"rendered":"https:\/\/fortidelrourell.es\/?p=13936"},"modified":"2023-06-07T14:47:09","modified_gmt":"2023-06-07T14:47:09","slug":"comenca-la-temporada-de-calcotades-al-forti-del-rourell","status":"publish","type":"post","link":"https:\/\/fortidelrourell.es\/ca\/comenca-la-temporada-de-calcotades-al-forti-del-rourell\/","title":{"rendered":"Comen\u00e7a la temporada de cal\u00e7otades al Fort\u00ed del Rourell"},"content":{"rendered":"<p>[et_pb_section fb_built=&#8221;1&#8243; theme_builder_area=&#8221;post_content&#8221; _builder_version=&#8221;4.21.0&#8243; _module_preset=&#8221;default&#8221;][et_pb_row _builder_version=&#8221;4.21.0&#8243; _module_preset=&#8221;default&#8221; theme_builder_area=&#8221;post_content&#8221;][et_pb_column _builder_version=&#8221;4.21.0&#8243; _module_preset=&#8221;default&#8221; type=&#8221;4_4&#8243; theme_builder_area=&#8221;post_content&#8221;][et_pb_text _builder_version=&#8221;4.21.0&#8243; _module_preset=&#8221;default&#8221; theme_builder_area=&#8221;post_content&#8221; hover_enabled=&#8221;0&#8243; sticky_enabled=&#8221;0&#8243; text_font_size=&#8221;18px&#8221; text_line_height=&#8221;1.8em&#8221;]<\/p>\n<p><span>Estem en plena temporada de cal\u00e7ots. Aquest plat t\u00edpic de la <strong>cuina catalana<\/strong> s&#8217;ha est\u00e8s a l&#8217;exterior i menjar cal\u00e7ots \u00e9s cada vegada m\u00e9s habitual en altres punts del territori nacional. S\u00f3n originaris de la comarca de Tarragona, com l&#8217;Alt Camp, el Baix Camp i el Baix Pened\u00e8s. No obstant aix\u00f2, \u00e9s sens dubte el plat m\u00e9s representatiu de Valls (Tarragona), considerada la capital del cal\u00e7ot. Per aix\u00f2, comen\u00e7a la temporada de cal\u00e7otades en el <a href=\"https:\/\/fortidelrourell.es\/ca\/\"><strong>Fort\u00ed del Rourell<\/strong><\/a>.<\/span><\/p>\n<p><span>A l&#8217;hivern, els <strong>cal\u00e7ots s\u00f3n el rei indiscutible de la cuina catalana.<\/strong> Les cal\u00e7otades s\u00f3n molt populars en aquesta \u00e8poca de l&#8217;any&#8230; una menja f\u00e0cil de cuinar, sa, sabor\u00f3s, tendre i absolutament delici\u00f3s. Per\u00f2, qu\u00e8 s\u00f3n els cal\u00e7ots? Saps on i quan pots trobar-los? Com es cuinen? I la salsa romesco? T&#8217;ho expliquem tot en aquest post!<\/span><\/p>\n<h2><span>La temporada de cal\u00e7ots<\/span><\/h2>\n<p>Entre novembre i gener comen\u00e7a la temporada de cal\u00e7ots i els men\u00fas t\u00edpics giren entorn dels cal\u00e7ots i les seves habituals salses i complements alimentosos. Avui dia, els cal\u00e7ots s\u00f3n populars en tota Catalunya, encara que a l&#8217;Alt Camp, podr\u00e0s gaudir d&#8217;uns excel\u00b7lents <strong>cal\u00e7ots elaborats de manera tradicional<\/strong>. Tarragona \u00e9s una de les millors prov\u00edncies per a trobar <a href=\"https:\/\/fortidelrourell.es\/ca\/calcotades\/\"><strong>la millor cal\u00e7otada<\/strong>.<\/a><\/p>\n<p>Precisament aquest cap de setmana, a m\u00e9s de l&#8217;inici oficial de les cal\u00e7otades, tamb\u00e9 ha arribat el fred, fent m\u00e9s amena la <b>degustaci\u00f3 de cal\u00e7ots<\/b> per a les temporades 2022 i 2023. En el <a href=\"https:\/\/fortidelrourell.es\/ca\/\"><b>Fort\u00ed del Rourell <\/b><\/a>us convidem a passar un dia ple de tradici\u00f3 amb aut\u00e8ntics cal\u00e7ots de Valls.<\/p>\n<p>[\/et_pb_text][et_pb_image src=&#8221;https:\/\/fortidelrourell.es\/wp-content\/uploads\/2023\/02\/FORTI_Calcotada_detall.jpg&#8221; _builder_version=&#8221;4.21.0&#8243; _module_preset=&#8221;default&#8221; theme_builder_area=&#8221;post_content&#8221; title_text=&#8221;FORTI_Cal\u00e7otada_detall&#8221; hover_enabled=&#8221;0&#8243; sticky_enabled=&#8221;0&#8243;][\/et_pb_image][et_pb_text _builder_version=&#8221;4.21.0&#8243; _module_preset=&#8221;default&#8221; theme_builder_area=&#8221;post_content&#8221; text_font_size=&#8221;18px&#8221; text_line_height=&#8221;1.8em&#8221; hover_enabled=&#8221;0&#8243; sticky_enabled=&#8221;0&#8243;]<\/p>\n<h2><strong>Gran atracci\u00f3 tur\u00edstica<\/strong><\/h2>\n<p>Cal\u00e7otades i cal\u00e7ots es poden trobar pertot arreu, per\u00f2 <b>el veritable bressol de la cal\u00e7otada est\u00e0 a l&#8217;Alt Camp<\/b>, comarca on es va originar la cal\u00e7otada. A mesura que arriba el fred, aquesta ceba dol\u00e7a i salada pren protagonisme. De novembre a mar\u00e7, la zona s&#8217;omple d&#8217;olors dolces i fum dens. Els restaurants de la comarca, com el <a href=\"https:\/\/fortidelrourell.es\/ca\/\"><b>Fort\u00ed del Rourell<\/b><\/a>, ja oferim als nostres clients cal\u00e7otades, un menjar amb tot un ritual. L&#8217;<a href=\"https:\/\/fortidelrourell.es\/ca\/calcotades\/\"><b>aut\u00e8ntic men\u00fa de cal\u00e7otada<\/b><\/a> el formen pitets, cal\u00e7ots bullits, la salsa justa, xai i botifarra a la planxa, una gerra de vi, i taronges per a postres&#8230; i l&#8217;ingredient m\u00e9s important: les ganes per a passar <b>temps de qualitat <\/b>amb la fam\u00edlia o els amics. M\u00e9s que un esmorzar, <b>la cal\u00e7otada \u00e9s l&#8217;excusa perfecta per a reunir-se, riure i passar un gran dia.<\/b><\/p>\n<p>No es pot deixar escapar l&#8217;oportunitat de viure aquesta celebraci\u00f3 en un lloc totalment \u00fanic: un <b>fort\u00ed templer del segle XII<\/b>, un espai ideal i amb hist\u00f2ria per a gaudir amb la fam\u00edlia i amics. Durant la vostra visita podreu fer una <b>ruta pel fort\u00ed<\/b> i descobrir tots els secrets que s&#8217;han guardat des de fa segles.<\/p>\n<p>[\/et_pb_text][et_pb_image src=&#8221;https:\/\/fortidelrourell.es\/wp-content\/uploads\/2023\/02\/FORTI_Calcotada_visita.jpg&#8221; _builder_version=&#8221;4.21.0&#8243; _module_preset=&#8221;default&#8221; theme_builder_area=&#8221;post_content&#8221; title_text=&#8221;FORTI_Cal\u00e7otada_visita&#8221; hover_enabled=&#8221;0&#8243; sticky_enabled=&#8221;0&#8243;][\/et_pb_image][et_pb_text _builder_version=&#8221;4.21.0&#8243; _module_preset=&#8221;default&#8221; text_font_size=&#8221;18px&#8221; text_line_height=&#8221;1.8em&#8221; hover_enabled=&#8221;0&#8243; global_colors_info=&#8221;{}&#8221; locked=&#8221;off&#8221; theme_builder_area=&#8221;post_content&#8221; sticky_enabled=&#8221;0&#8243;]<\/p>\n<h2><strong><\/strong><\/h2>\n<h2 style=\"text-align: center;\"><strong>Reserves<\/strong><span style=\"font-weight: 400;\"><\/span><\/h2>\n<p style=\"text-align: center;\"><span style=\"font-weight: 400;\"><span>Ara que ja coneixes la tradicional cal\u00e7otada en el Fort\u00ed del Rourell, nom\u00e9s queda reservar!<\/span><\/span><\/p>\n<p style=\"text-align: center;\"><span style=\"font-weight: 400;\"><span>Per a reservar, pots fer-ho <\/span>\u00a0<a href=\"https:\/\/fortidelrourell.es\/eventos\/\"><strong>aqu\u00ed<\/strong><\/a><\/span><span style=\"font-weight: 400;\">, <span>telefonant-nos a<\/span>l <\/span><span style=\"font-weight: 400;\">\u00a0<strong>623 196 600<\/strong> o <strong>660 934 825<\/strong> <span>enviant-nos un correu a <\/span>\u00a0<\/span><strong><a href=\"mailto:eventos@fortidelrourell.es\">eventos@fortidelrourell.es.<\/a> <\/strong><\/p>\n<p style=\"text-align: center;\">Tamb\u00e9 ens pots seguir en el nostre <a href=\"https:\/\/www.instagram.com\/fortirourell\/\" style=\"font-weight: bold;\">\u00a0Instagram<\/a> <span>per a assabentar-te de tot!<\/span><\/p>\n<p>[\/et_pb_text][\/et_pb_column][\/et_pb_row][\/et_pb_section]<\/p>\n","protected":false},"excerpt":{"rendered":"<p>Estem en plena temporada de cal\u00e7ots. Aquest plat t\u00edpic de la cuina catalana s&#8217;ha est\u00e8s a l&#8217;exterior i menjar cal\u00e7ots \u00e9s cada vegada m\u00e9s habitual en altres punts del territori nacional. S\u00f3n originaris de la comarca de Tarragona, com l&#8217;Alt Camp, el Baix Camp i el Baix Pened\u00e8s. No obstant aix\u00f2, \u00e9s sens dubte el [&hellip;]<\/p>\n","protected":false},"author":119,"featured_media":13432,"comment_status":"closed","ping_status":"open","sticky":false,"template":"","format":"standard","meta":{"_et_pb_use_builder":"on","_et_pb_old_content":"","_et_gb_content_width":"","footnotes":""},"categories":[124],"tags":[],"class_list":["post-13936","post","type-post","status-publish","format-standard","has-post-thumbnail","hentry","category-sense-categoria"],"yoast_head":"<!-- This site is optimized with the Yoast SEO plugin v27.5 - https:\/\/yoast.com\/product\/yoast-seo-wordpress\/ -->\n<title>Comen\u00e7a la temporada de cal\u00e7otades I Fort\u00ed del Rourell<\/title>\n<meta name=\"description\" content=\"Comen\u00e7a la temporada de cal\u00e7otades al Fort\u00ed del Rourell. Gaudeix de l&#039;aut\u00e8ntica cal\u00e7otada a la comarca on va n\u00e9ixer. \ud83c\udf7d\" \/>\n<meta name=\"robots\" content=\"index, follow, max-snippet:-1, max-image-preview:large, max-video-preview:-1\" \/>\n<link rel=\"canonical\" href=\"https:\/\/fortidelrourell.es\/ca\/comenca-la-temporada-de-calcotades-al-forti-del-rourell\/\" \/>\n<meta property=\"og:locale\" content=\"ca_ES\" \/>\n<meta property=\"og:type\" content=\"article\" \/>\n<meta property=\"og:title\" content=\"Comen\u00e7a la temporada de cal\u00e7otades I Fort\u00ed del Rourell\" \/>\n<meta property=\"og:description\" content=\"Comen\u00e7a la temporada de cal\u00e7otades al Fort\u00ed del Rourell. Gaudeix de l&#039;aut\u00e8ntica cal\u00e7otada a la comarca on va n\u00e9ixer. \ud83c\udf7d\" \/>\n<meta property=\"og:url\" content=\"https:\/\/fortidelrourell.es\/ca\/comenca-la-temporada-de-calcotades-al-forti-del-rourell\/\" \/>\n<meta property=\"og:site_name\" content=\"Forti del Rourell\" \/>\n<meta property=\"article:published_time\" content=\"2023-06-07T14:44:39+00:00\" \/>\n<meta property=\"article:modified_time\" content=\"2023-06-07T14:47:09+00:00\" \/>\n<meta property=\"og:image\" content=\"https:\/\/fortidelrourell.es\/wp-content\/uploads\/2022\/01\/calcots-bodegon-1.jpg\" \/>\n\t<meta property=\"og:image:width\" content=\"1000\" \/>\n\t<meta property=\"og:image:height\" content=\"667\" \/>\n\t<meta property=\"og:image:type\" content=\"image\/jpeg\" \/>\n<meta name=\"author\" content=\"Mar\u00eda Cebri\u00e1n\" \/>\n<meta name=\"twitter:card\" content=\"summary_large_image\" \/>\n<meta name=\"twitter:label1\" content=\"Escrit per\" \/>\n\t<meta name=\"twitter:data1\" content=\"Mar\u00eda Cebri\u00e1n\" \/>\n\t<meta name=\"twitter:label2\" content=\"Temps estimat de lectura\" \/>\n\t<meta name=\"twitter:data2\" content=\"4 minuts\" \/>\n<script type=\"application\/ld+json\" class=\"yoast-schema-graph\">{\"@context\":\"https:\\\/\\\/schema.org\",\"@graph\":[{\"@type\":\"Article\",\"@id\":\"https:\\\/\\\/fortidelrourell.es\\\/ca\\\/comenca-la-temporada-de-calcotades-al-forti-del-rourell\\\/#article\",\"isPartOf\":{\"@id\":\"https:\\\/\\\/fortidelrourell.es\\\/ca\\\/comenca-la-temporada-de-calcotades-al-forti-del-rourell\\\/\"},\"author\":{\"name\":\"Mar\u00eda Cebri\u00e1n\",\"@id\":\"https:\\\/\\\/fortidelrourell.es\\\/ca\\\/#\\\/schema\\\/person\\\/19929346e621c61aa7fac8be21e07cff\"},\"headline\":\"Comen\u00e7a la temporada de cal\u00e7otades al Fort\u00ed del Rourell\",\"datePublished\":\"2023-06-07T14:44:39+00:00\",\"dateModified\":\"2023-06-07T14:47:09+00:00\",\"mainEntityOfPage\":{\"@id\":\"https:\\\/\\\/fortidelrourell.es\\\/ca\\\/comenca-la-temporada-de-calcotades-al-forti-del-rourell\\\/\"},\"wordCount\":787,\"image\":{\"@id\":\"https:\\\/\\\/fortidelrourell.es\\\/ca\\\/comenca-la-temporada-de-calcotades-al-forti-del-rourell\\\/#primaryimage\"},\"thumbnailUrl\":\"https:\\\/\\\/fortidelrourell.es\\\/wp-content\\\/uploads\\\/2022\\\/01\\\/calcots-bodegon-1.jpg\",\"inLanguage\":\"ca\"},{\"@type\":\"WebPage\",\"@id\":\"https:\\\/\\\/fortidelrourell.es\\\/ca\\\/comenca-la-temporada-de-calcotades-al-forti-del-rourell\\\/\",\"url\":\"https:\\\/\\\/fortidelrourell.es\\\/ca\\\/comenca-la-temporada-de-calcotades-al-forti-del-rourell\\\/\",\"name\":\"Comen\u00e7a la temporada de cal\u00e7otades I Fort\u00ed del Rourell\",\"isPartOf\":{\"@id\":\"https:\\\/\\\/fortidelrourell.es\\\/ca\\\/#website\"},\"primaryImageOfPage\":{\"@id\":\"https:\\\/\\\/fortidelrourell.es\\\/ca\\\/comenca-la-temporada-de-calcotades-al-forti-del-rourell\\\/#primaryimage\"},\"image\":{\"@id\":\"https:\\\/\\\/fortidelrourell.es\\\/ca\\\/comenca-la-temporada-de-calcotades-al-forti-del-rourell\\\/#primaryimage\"},\"thumbnailUrl\":\"https:\\\/\\\/fortidelrourell.es\\\/wp-content\\\/uploads\\\/2022\\\/01\\\/calcots-bodegon-1.jpg\",\"datePublished\":\"2023-06-07T14:44:39+00:00\",\"dateModified\":\"2023-06-07T14:47:09+00:00\",\"author\":{\"@id\":\"https:\\\/\\\/fortidelrourell.es\\\/ca\\\/#\\\/schema\\\/person\\\/19929346e621c61aa7fac8be21e07cff\"},\"description\":\"Comen\u00e7a la temporada de cal\u00e7otades al Fort\u00ed del Rourell. Gaudeix de l'aut\u00e8ntica cal\u00e7otada a la comarca on va n\u00e9ixer. \ud83c\udf7d\",\"breadcrumb\":{\"@id\":\"https:\\\/\\\/fortidelrourell.es\\\/ca\\\/comenca-la-temporada-de-calcotades-al-forti-del-rourell\\\/#breadcrumb\"},\"inLanguage\":\"ca\",\"potentialAction\":[{\"@type\":\"ReadAction\",\"target\":[\"https:\\\/\\\/fortidelrourell.es\\\/ca\\\/comenca-la-temporada-de-calcotades-al-forti-del-rourell\\\/\"]}]},{\"@type\":\"ImageObject\",\"inLanguage\":\"ca\",\"@id\":\"https:\\\/\\\/fortidelrourell.es\\\/ca\\\/comenca-la-temporada-de-calcotades-al-forti-del-rourell\\\/#primaryimage\",\"url\":\"https:\\\/\\\/fortidelrourell.es\\\/wp-content\\\/uploads\\\/2022\\\/01\\\/calcots-bodegon-1.jpg\",\"contentUrl\":\"https:\\\/\\\/fortidelrourell.es\\\/wp-content\\\/uploads\\\/2022\\\/01\\\/calcots-bodegon-1.jpg\",\"width\":1000,\"height\":667},{\"@type\":\"BreadcrumbList\",\"@id\":\"https:\\\/\\\/fortidelrourell.es\\\/ca\\\/comenca-la-temporada-de-calcotades-al-forti-del-rourell\\\/#breadcrumb\",\"itemListElement\":[{\"@type\":\"ListItem\",\"position\":1,\"name\":\"Portada\",\"item\":\"https:\\\/\\\/fortidelrourell.es\\\/ca\\\/\"},{\"@type\":\"ListItem\",\"position\":2,\"name\":\"Comen\u00e7a la temporada de cal\u00e7otades al Fort\u00ed del Rourell\"}]},{\"@type\":\"WebSite\",\"@id\":\"https:\\\/\\\/fortidelrourell.es\\\/ca\\\/#website\",\"url\":\"https:\\\/\\\/fortidelrourell.es\\\/ca\\\/\",\"name\":\"Forti del Rourell\",\"description\":\"Una experiencia \u00fanica en un entorno privilegiado.\",\"potentialAction\":[{\"@type\":\"SearchAction\",\"target\":{\"@type\":\"EntryPoint\",\"urlTemplate\":\"https:\\\/\\\/fortidelrourell.es\\\/ca\\\/?s={search_term_string}\"},\"query-input\":{\"@type\":\"PropertyValueSpecification\",\"valueRequired\":true,\"valueName\":\"search_term_string\"}}],\"inLanguage\":\"ca\"},{\"@type\":\"Person\",\"@id\":\"https:\\\/\\\/fortidelrourell.es\\\/ca\\\/#\\\/schema\\\/person\\\/19929346e621c61aa7fac8be21e07cff\",\"name\":\"Mar\u00eda Cebri\u00e1n\",\"image\":{\"@type\":\"ImageObject\",\"inLanguage\":\"ca\",\"@id\":\"https:\\\/\\\/secure.gravatar.com\\\/avatar\\\/bac6cb8f7fbee021d1b6b9553c00a01d32e3bbef10cad770e83b584c805609c0?s=96&d=mm&r=g\",\"url\":\"https:\\\/\\\/secure.gravatar.com\\\/avatar\\\/bac6cb8f7fbee021d1b6b9553c00a01d32e3bbef10cad770e83b584c805609c0?s=96&d=mm&r=g\",\"contentUrl\":\"https:\\\/\\\/secure.gravatar.com\\\/avatar\\\/bac6cb8f7fbee021d1b6b9553c00a01d32e3bbef10cad770e83b584c805609c0?s=96&d=mm&r=g\",\"caption\":\"Mar\u00eda Cebri\u00e1n\"}}]}<\/script>\n<!-- \/ Yoast SEO plugin. -->","yoast_head_json":{"title":"Comen\u00e7a la temporada de cal\u00e7otades I Fort\u00ed del Rourell","description":"Comen\u00e7a la temporada de cal\u00e7otades al Fort\u00ed del Rourell. Gaudeix de l'aut\u00e8ntica cal\u00e7otada a la comarca on va n\u00e9ixer. \ud83c\udf7d","robots":{"index":"index","follow":"follow","max-snippet":"max-snippet:-1","max-image-preview":"max-image-preview:large","max-video-preview":"max-video-preview:-1"},"canonical":"https:\/\/fortidelrourell.es\/ca\/comenca-la-temporada-de-calcotades-al-forti-del-rourell\/","og_locale":"ca_ES","og_type":"article","og_title":"Comen\u00e7a la temporada de cal\u00e7otades I Fort\u00ed del Rourell","og_description":"Comen\u00e7a la temporada de cal\u00e7otades al Fort\u00ed del Rourell. Gaudeix de l'aut\u00e8ntica cal\u00e7otada a la comarca on va n\u00e9ixer. \ud83c\udf7d","og_url":"https:\/\/fortidelrourell.es\/ca\/comenca-la-temporada-de-calcotades-al-forti-del-rourell\/","og_site_name":"Forti del Rourell","article_published_time":"2023-06-07T14:44:39+00:00","article_modified_time":"2023-06-07T14:47:09+00:00","og_image":[{"width":1000,"height":667,"url":"https:\/\/fortidelrourell.es\/wp-content\/uploads\/2022\/01\/calcots-bodegon-1.jpg","type":"image\/jpeg"}],"author":"Mar\u00eda Cebri\u00e1n","twitter_card":"summary_large_image","twitter_misc":{"Escrit per":"Mar\u00eda Cebri\u00e1n","Temps estimat de lectura":"4 minuts"},"schema":{"@context":"https:\/\/schema.org","@graph":[{"@type":"Article","@id":"https:\/\/fortidelrourell.es\/ca\/comenca-la-temporada-de-calcotades-al-forti-del-rourell\/#article","isPartOf":{"@id":"https:\/\/fortidelrourell.es\/ca\/comenca-la-temporada-de-calcotades-al-forti-del-rourell\/"},"author":{"name":"Mar\u00eda Cebri\u00e1n","@id":"https:\/\/fortidelrourell.es\/ca\/#\/schema\/person\/19929346e621c61aa7fac8be21e07cff"},"headline":"Comen\u00e7a la temporada de cal\u00e7otades al Fort\u00ed del Rourell","datePublished":"2023-06-07T14:44:39+00:00","dateModified":"2023-06-07T14:47:09+00:00","mainEntityOfPage":{"@id":"https:\/\/fortidelrourell.es\/ca\/comenca-la-temporada-de-calcotades-al-forti-del-rourell\/"},"wordCount":787,"image":{"@id":"https:\/\/fortidelrourell.es\/ca\/comenca-la-temporada-de-calcotades-al-forti-del-rourell\/#primaryimage"},"thumbnailUrl":"https:\/\/fortidelrourell.es\/wp-content\/uploads\/2022\/01\/calcots-bodegon-1.jpg","inLanguage":"ca"},{"@type":"WebPage","@id":"https:\/\/fortidelrourell.es\/ca\/comenca-la-temporada-de-calcotades-al-forti-del-rourell\/","url":"https:\/\/fortidelrourell.es\/ca\/comenca-la-temporada-de-calcotades-al-forti-del-rourell\/","name":"Comen\u00e7a la temporada de cal\u00e7otades I Fort\u00ed del Rourell","isPartOf":{"@id":"https:\/\/fortidelrourell.es\/ca\/#website"},"primaryImageOfPage":{"@id":"https:\/\/fortidelrourell.es\/ca\/comenca-la-temporada-de-calcotades-al-forti-del-rourell\/#primaryimage"},"image":{"@id":"https:\/\/fortidelrourell.es\/ca\/comenca-la-temporada-de-calcotades-al-forti-del-rourell\/#primaryimage"},"thumbnailUrl":"https:\/\/fortidelrourell.es\/wp-content\/uploads\/2022\/01\/calcots-bodegon-1.jpg","datePublished":"2023-06-07T14:44:39+00:00","dateModified":"2023-06-07T14:47:09+00:00","author":{"@id":"https:\/\/fortidelrourell.es\/ca\/#\/schema\/person\/19929346e621c61aa7fac8be21e07cff"},"description":"Comen\u00e7a la temporada de cal\u00e7otades al Fort\u00ed del Rourell. Gaudeix de l'aut\u00e8ntica cal\u00e7otada a la comarca on va n\u00e9ixer. \ud83c\udf7d","breadcrumb":{"@id":"https:\/\/fortidelrourell.es\/ca\/comenca-la-temporada-de-calcotades-al-forti-del-rourell\/#breadcrumb"},"inLanguage":"ca","potentialAction":[{"@type":"ReadAction","target":["https:\/\/fortidelrourell.es\/ca\/comenca-la-temporada-de-calcotades-al-forti-del-rourell\/"]}]},{"@type":"ImageObject","inLanguage":"ca","@id":"https:\/\/fortidelrourell.es\/ca\/comenca-la-temporada-de-calcotades-al-forti-del-rourell\/#primaryimage","url":"https:\/\/fortidelrourell.es\/wp-content\/uploads\/2022\/01\/calcots-bodegon-1.jpg","contentUrl":"https:\/\/fortidelrourell.es\/wp-content\/uploads\/2022\/01\/calcots-bodegon-1.jpg","width":1000,"height":667},{"@type":"BreadcrumbList","@id":"https:\/\/fortidelrourell.es\/ca\/comenca-la-temporada-de-calcotades-al-forti-del-rourell\/#breadcrumb","itemListElement":[{"@type":"ListItem","position":1,"name":"Portada","item":"https:\/\/fortidelrourell.es\/ca\/"},{"@type":"ListItem","position":2,"name":"Comen\u00e7a la temporada de cal\u00e7otades al Fort\u00ed del Rourell"}]},{"@type":"WebSite","@id":"https:\/\/fortidelrourell.es\/ca\/#website","url":"https:\/\/fortidelrourell.es\/ca\/","name":"Forti del Rourell","description":"Una experiencia \u00fanica en un entorno privilegiado.","potentialAction":[{"@type":"SearchAction","target":{"@type":"EntryPoint","urlTemplate":"https:\/\/fortidelrourell.es\/ca\/?s={search_term_string}"},"query-input":{"@type":"PropertyValueSpecification","valueRequired":true,"valueName":"search_term_string"}}],"inLanguage":"ca"},{"@type":"Person","@id":"https:\/\/fortidelrourell.es\/ca\/#\/schema\/person\/19929346e621c61aa7fac8be21e07cff","name":"Mar\u00eda Cebri\u00e1n","image":{"@type":"ImageObject","inLanguage":"ca","@id":"https:\/\/secure.gravatar.com\/avatar\/bac6cb8f7fbee021d1b6b9553c00a01d32e3bbef10cad770e83b584c805609c0?s=96&d=mm&r=g","url":"https:\/\/secure.gravatar.com\/avatar\/bac6cb8f7fbee021d1b6b9553c00a01d32e3bbef10cad770e83b584c805609c0?s=96&d=mm&r=g","contentUrl":"https:\/\/secure.gravatar.com\/avatar\/bac6cb8f7fbee021d1b6b9553c00a01d32e3bbef10cad770e83b584c805609c0?s=96&d=mm&r=g","caption":"Mar\u00eda Cebri\u00e1n"}}]}},"_links":{"self":[{"href":"https:\/\/fortidelrourell.es\/ca\/wp-json\/wp\/v2\/posts\/13936","targetHints":{"allow":["GET"]}}],"collection":[{"href":"https:\/\/fortidelrourell.es\/ca\/wp-json\/wp\/v2\/posts"}],"about":[{"href":"https:\/\/fortidelrourell.es\/ca\/wp-json\/wp\/v2\/types\/post"}],"author":[{"embeddable":true,"href":"https:\/\/fortidelrourell.es\/ca\/wp-json\/wp\/v2\/users\/119"}],"replies":[{"embeddable":true,"href":"https:\/\/fortidelrourell.es\/ca\/wp-json\/wp\/v2\/comments?post=13936"}],"version-history":[{"count":0,"href":"https:\/\/fortidelrourell.es\/ca\/wp-json\/wp\/v2\/posts\/13936\/revisions"}],"wp:featuredmedia":[{"embeddable":true,"href":"https:\/\/fortidelrourell.es\/ca\/wp-json\/wp\/v2\/media\/13432"}],"wp:attachment":[{"href":"https:\/\/fortidelrourell.es\/ca\/wp-json\/wp\/v2\/media?parent=13936"}],"wp:term":[{"taxonomy":"category","embeddable":true,"href":"https:\/\/fortidelrourell.es\/ca\/wp-json\/wp\/v2\/categories?post=13936"},{"taxonomy":"post_tag","embeddable":true,"href":"https:\/\/fortidelrourell.es\/ca\/wp-json\/wp\/v2\/tags?post=13936"}],"curies":[{"name":"wp","href":"https:\/\/api.w.org\/{rel}","templated":true}]}}