{"id":13893,"date":"2023-06-02T12:27:03","date_gmt":"2023-06-02T12:27:03","guid":{"rendered":"https:\/\/fortidelrourell.es\/?p=13893"},"modified":"2023-11-14T10:59:22","modified_gmt":"2023-11-14T10:59:22","slug":"per-que-casar-se-en-un-castell","status":"publish","type":"post","link":"https:\/\/fortidelrourell.es\/ca\/per-que-casar-se-en-un-castell\/","title":{"rendered":"Per qu\u00e8 casar-se en un castell?"},"content":{"rendered":"<p>[et_pb_section fb_built=&#8221;1&#8243; _builder_version=&#8221;4.21.0&#8243; _module_preset=&#8221;default&#8221; global_colors_info=&#8221;{}&#8221;][et_pb_row _builder_version=&#8221;4.21.0&#8243; _module_preset=&#8221;default&#8221; global_colors_info=&#8221;{}&#8221;][et_pb_column type=&#8221;4_4&#8243; _builder_version=&#8221;4.21.0&#8243; _module_preset=&#8221;default&#8221; global_colors_info=&#8221;{}&#8221;][et_pb_text _builder_version=&#8221;4.21.0&#8243; _module_preset=&#8221;default&#8221; text_font=&#8221;||||||||&#8221; text_font_size=&#8221;18px&#8221; text_line_height=&#8221;1.8em&#8221; global_colors_info=&#8221;{}&#8221;]<\/p>\n<p><span>En els \u00faltims anys, les <a href=\"https:\/\/fortidelrourell.es\/ca\/bodes-castell-forti-rourell\/\"><strong>bodes en castells<\/strong><\/a> amb un toc campestre o &#8216;vintage&#8217; s&#8217;han implantat amb for\u00e7a per la quantitat d&#8217;elements que poden afegir-se a aquestes i que les fan diferents i molt, molt especials. Aquestes uneixen a la perfecci\u00f3 elements tradicionals, que mai passen de moda, amb tocs originals que no arriben a ser tan comuns en les noces.<\/span><\/p>\n<p><span>Aquest estil decoratiu, que destaca per la senzillesa, l&#8217;eleg\u00e0ncia i el bon gust pels elements d&#8217;\u00e8poques passades, <strong>fan que els convidats i els nuvis es vegin embolicats en un bonic halo de romanticisme<\/strong>. Per a aix\u00f2, res com imaginar-se sota una nit estrellada, amb petites bombetes t\u00e8nues pertot arreu que aportin la llum perfecta per a gaudir d&#8217;una vetllada \u00edntima i inoblidable. Els convidats poden trobar diferents &#8216;racons&#8217; decorats i diferenciats com a cartells de benvinguda, una taula de signatures feta a m\u00e0, un elegant <\/span><span class=\"hiddenSpellError\">photocall<\/span><span> o una pista de ball espectacular.<\/span><\/p>\n<p><span><\/span><\/p>\n<h2><span><strong>Originalitat i eleg\u00e0ncia<\/strong><br \/><\/span><\/h2>\n<p><span>No obstant aix\u00f2, <strong>unes noces originals no t\u00e9 per qu\u00e8 ser incompatible amb unes noces elegants i amb classe<\/strong>. De fet, encara que a vegades resulta complicat aconseguir-ho, al final s\u00f3n aquestes les bodes m\u00e9s vistoses i que millor sabor de boca deixen als seus convidats, ja que s&#8217;allunyen del t\u00edpic i sorprenen amb els seus detalls i la manyaga posada en ella.<\/span><\/p>\n<p><span>En el <a href=\"https:\/\/fortidelrourell.es\/ca\/\"><strong>Fort\u00ed del Rourell<\/strong><\/a>, us podem aconsellar per a crear les vostres noces de conte.<\/span><\/p>\n<p>[\/et_pb_text][et_pb_image src=&#8221;https:\/\/fortidelrourell.es\/wp-content\/uploads\/2022\/12\/FORTI-Decos-Tardor-42.jpg&#8221; alt=&#8221;Por qu\u00e9 casarse en un castillo&#8221; title_text=&#8221;Por qu\u00e9 casarse en un castillo&#8221; _builder_version=&#8221;4.21.0&#8243; _module_preset=&#8221;default&#8221; global_colors_info=&#8221;{}&#8221;][\/et_pb_image][et_pb_text _builder_version=&#8221;4.21.0&#8243; _module_preset=&#8221;default&#8221; text_font=&#8221;||||||||&#8221; text_font_size=&#8221;18px&#8221; text_line_height=&#8221;1.8em&#8221; global_colors_info=&#8221;{}&#8221;]<\/p>\n<h2><strong>Entorn rom\u00e0ntic<\/strong><\/h2>\n<p>Si sempre vau somiar amb unes noces plenes d&#8217;encant i m\u00e0gia, El <a href=\"https:\/\/fortidelrourell.es\/ca\/\"><strong>Fort\u00ed del Rourell<\/strong><\/a> \u00e9s l&#8217;enclavament perfecte per a aconseguir-lo. El fort\u00ed medieval del segle XII compta amb un entorn privilegiat per a dur a terme una <strong>celebraci\u00f3 repleta de romanticisme i de detalls<\/strong> que la faran \u00fanica.<\/p>\n<p>Els espais al voltant del jard\u00ed creen una <strong>atmosfera incre\u00efble<\/strong> per a noces \u00edntimes. Exploten de verd a la primavera i s\u00f3n exuberants a l&#8217;estiu. I, finalment, els c\u00e0lids colors de la tardor converteixen les fotos en aut\u00e8ntiques postals.<\/p>\n<p>[\/et_pb_text][et_pb_image src=&#8221;https:\/\/fortidelrourell.es\/wp-content\/uploads\/2022\/12\/FORTI-Decos-Tardor-26.jpg&#8221; alt=&#8221;Por qu\u00e9 casarse en un castillo&#8221; title_text=&#8221;Por qu\u00e9 casarse en un castillo&#8221; _builder_version=&#8221;4.21.0&#8243; _module_preset=&#8221;default&#8221; global_colors_info=&#8221;{}&#8221;][\/et_pb_image][et_pb_text _builder_version=&#8221;4.21.0&#8243; _module_preset=&#8221;default&#8221; text_font=&#8221;||||||||&#8221; text_font_size=&#8221;18px&#8221; text_line_height=&#8221;1.8em&#8221; global_colors_info=&#8221;{}&#8221;]<\/p>\n<h2><strong>Ubicaci\u00f3 \u00fanica<\/strong><\/h2>\n<p><span>En un fort\u00ed tradicional, el normal \u00e9s que tingueu a la vostra disposici\u00f3 un entorn en el qual gaudir de la <strong>m\u00e0xima privacitat<\/strong>. Per descomptat, sense haver de compartir l&#8217;espai, ni les instal\u00b7lacions, amb cap altra parella. Aix\u00ed evites el fet d&#8217;haver d&#8217;estar pendent d&#8217;horaris o torns inc\u00f2modes. La data ho mereix, no creus?<\/span><\/p>\n<p><span>A m\u00e9s, per a tenir unes noces al castell perfecte, us acompanyar\u00e0 Carla, nostra <strong><span class=\"hiddenSpellError\">WeddingPlanner<\/span><\/strong>, en tot moment: abans, durant i despr\u00e9s de les noces. L&#8217;encarregada que tot surti b\u00e9 abans, durant i despr\u00e9s de les teves noces.<br \/><\/span><\/p>\n<p><span><strong>Tots els espais del castell estaran disponibles per a vosaltres. <a href=\"https:\/\/fortidelrourell.es\/ca\/espais-bodes-castell-forti-rourell\/\">Aqu\u00ed<\/a><\/strong> podeu consultar-los tots.<\/span><\/p>\n<p>Si voleu saber m\u00e9s sobre noces a Tarragona en un castell, pots contactar amb nosaltres en el <strong>623 196 600<\/strong> o enviar-nos un correu a <strong>eventos@fortidelrourell.es<\/strong>. I no oblideu seguir-nos en el nostre <span class=\"hiddenSpellError\">instagram<\/span> <a href=\"https:\/\/www.instagram.com\/fortirourell\/\"><strong>@fortirourell<\/strong><\/a> per a assabentar-vos de tots els detalls!<\/p>\n<p>[\/et_pb_text][\/et_pb_column][\/et_pb_row][\/et_pb_section]<\/p>\n","protected":false},"excerpt":{"rendered":"<p>En els \u00faltims anys, les bodes en castells amb un toc campestre o &#8216;vintage&#8217; s&#8217;han implantat amb for\u00e7a per la quantitat d&#8217;elements que poden afegir-se a aquestes i que les fan diferents i molt, molt especials. Aquestes uneixen a la perfecci\u00f3 elements tradicionals, que mai passen de moda, amb tocs originals que no arriben a [&hellip;]<\/p>\n","protected":false},"author":119,"featured_media":13610,"comment_status":"closed","ping_status":"open","sticky":false,"template":"","format":"standard","meta":{"_et_pb_use_builder":"on","_et_pb_old_content":"","_et_gb_content_width":"","footnotes":""},"categories":[124,1],"tags":[],"class_list":["post-13893","post","type-post","status-publish","format-standard","has-post-thumbnail","hentry","category-sense-categoria","category-sin-categorizar"],"yoast_head":"<!-- This site is optimized with the Yoast SEO plugin v27.5 - https:\/\/yoast.com\/product\/yoast-seo-wordpress\/ -->\n<title>Per qu\u00e8 casar-se en un castell? - Forti del Rourell<\/title>\n<meta name=\"description\" content=\"Per qu\u00e8 casar-se en un castell?\ud83d\udc70\ud83c\udffb En el Fort\u00ed del Rourell us expliquem els motius per a triar una ubicaci\u00f3 ideal \ud83c\udff0\" \/>\n<meta name=\"robots\" content=\"index, follow, max-snippet:-1, max-image-preview:large, max-video-preview:-1\" \/>\n<link rel=\"canonical\" href=\"https:\/\/fortidelrourell.es\/ca\/per-que-casar-se-en-un-castell\/\" \/>\n<meta property=\"og:locale\" content=\"ca_ES\" \/>\n<meta property=\"og:type\" content=\"article\" \/>\n<meta property=\"og:title\" content=\"Per qu\u00e8 casar-se en un castell? - Forti del Rourell\" \/>\n<meta property=\"og:description\" content=\"Per qu\u00e8 casar-se en un castell?\ud83d\udc70\ud83c\udffb En el Fort\u00ed del Rourell us expliquem els motius per a triar una ubicaci\u00f3 ideal \ud83c\udff0\" \/>\n<meta property=\"og:url\" content=\"https:\/\/fortidelrourell.es\/ca\/per-que-casar-se-en-un-castell\/\" \/>\n<meta property=\"og:site_name\" content=\"Forti del Rourell\" \/>\n<meta property=\"article:published_time\" content=\"2023-06-02T12:27:03+00:00\" \/>\n<meta property=\"article:modified_time\" content=\"2023-11-14T10:59:22+00:00\" \/>\n<meta property=\"og:image\" content=\"https:\/\/fortidelrourell.es\/wp-content\/uploads\/2022\/12\/LIFE-PM-Color-634-scaled.jpg\" \/>\n\t<meta property=\"og:image:width\" content=\"2560\" \/>\n\t<meta property=\"og:image:height\" content=\"1707\" \/>\n\t<meta property=\"og:image:type\" content=\"image\/jpeg\" \/>\n<meta name=\"author\" content=\"Mar\u00eda Cebri\u00e1n\" \/>\n<meta name=\"twitter:card\" content=\"summary_large_image\" \/>\n<meta name=\"twitter:label1\" content=\"Escrit per\" \/>\n\t<meta name=\"twitter:data1\" content=\"Mar\u00eda Cebri\u00e1n\" \/>\n\t<meta name=\"twitter:label2\" content=\"Temps estimat de lectura\" \/>\n\t<meta name=\"twitter:data2\" content=\"3 minuts\" \/>\n<script type=\"application\/ld+json\" class=\"yoast-schema-graph\">{\"@context\":\"https:\\\/\\\/schema.org\",\"@graph\":[{\"@type\":\"Article\",\"@id\":\"https:\\\/\\\/fortidelrourell.es\\\/ca\\\/per-que-casar-se-en-un-castell\\\/#article\",\"isPartOf\":{\"@id\":\"https:\\\/\\\/fortidelrourell.es\\\/ca\\\/per-que-casar-se-en-un-castell\\\/\"},\"author\":{\"name\":\"Mar\u00eda Cebri\u00e1n\",\"@id\":\"https:\\\/\\\/fortidelrourell.es\\\/ca\\\/#\\\/schema\\\/person\\\/19929346e621c61aa7fac8be21e07cff\"},\"headline\":\"Per qu\u00e8 casar-se en un castell?\",\"datePublished\":\"2023-06-02T12:27:03+00:00\",\"dateModified\":\"2023-11-14T10:59:22+00:00\",\"mainEntityOfPage\":{\"@id\":\"https:\\\/\\\/fortidelrourell.es\\\/ca\\\/per-que-casar-se-en-un-castell\\\/\"},\"wordCount\":705,\"image\":{\"@id\":\"https:\\\/\\\/fortidelrourell.es\\\/ca\\\/per-que-casar-se-en-un-castell\\\/#primaryimage\"},\"thumbnailUrl\":\"https:\\\/\\\/fortidelrourell.es\\\/wp-content\\\/uploads\\\/2022\\\/12\\\/LIFE-PM-Color-634-scaled.jpg\",\"articleSection\":{\"1\":\"Sin categorizar\"},\"inLanguage\":\"ca\"},{\"@type\":\"WebPage\",\"@id\":\"https:\\\/\\\/fortidelrourell.es\\\/ca\\\/per-que-casar-se-en-un-castell\\\/\",\"url\":\"https:\\\/\\\/fortidelrourell.es\\\/ca\\\/per-que-casar-se-en-un-castell\\\/\",\"name\":\"Per qu\u00e8 casar-se en un castell? - Forti del Rourell\",\"isPartOf\":{\"@id\":\"https:\\\/\\\/fortidelrourell.es\\\/ca\\\/#website\"},\"primaryImageOfPage\":{\"@id\":\"https:\\\/\\\/fortidelrourell.es\\\/ca\\\/per-que-casar-se-en-un-castell\\\/#primaryimage\"},\"image\":{\"@id\":\"https:\\\/\\\/fortidelrourell.es\\\/ca\\\/per-que-casar-se-en-un-castell\\\/#primaryimage\"},\"thumbnailUrl\":\"https:\\\/\\\/fortidelrourell.es\\\/wp-content\\\/uploads\\\/2022\\\/12\\\/LIFE-PM-Color-634-scaled.jpg\",\"datePublished\":\"2023-06-02T12:27:03+00:00\",\"dateModified\":\"2023-11-14T10:59:22+00:00\",\"author\":{\"@id\":\"https:\\\/\\\/fortidelrourell.es\\\/ca\\\/#\\\/schema\\\/person\\\/19929346e621c61aa7fac8be21e07cff\"},\"description\":\"Per qu\u00e8 casar-se en un castell?\ud83d\udc70\ud83c\udffb En el Fort\u00ed del Rourell us expliquem els motius per a triar una ubicaci\u00f3 ideal \ud83c\udff0\",\"breadcrumb\":{\"@id\":\"https:\\\/\\\/fortidelrourell.es\\\/ca\\\/per-que-casar-se-en-un-castell\\\/#breadcrumb\"},\"inLanguage\":\"ca\",\"potentialAction\":[{\"@type\":\"ReadAction\",\"target\":[\"https:\\\/\\\/fortidelrourell.es\\\/ca\\\/per-que-casar-se-en-un-castell\\\/\"]}]},{\"@type\":\"ImageObject\",\"inLanguage\":\"ca\",\"@id\":\"https:\\\/\\\/fortidelrourell.es\\\/ca\\\/per-que-casar-se-en-un-castell\\\/#primaryimage\",\"url\":\"https:\\\/\\\/fortidelrourell.es\\\/wp-content\\\/uploads\\\/2022\\\/12\\\/LIFE-PM-Color-634-scaled.jpg\",\"contentUrl\":\"https:\\\/\\\/fortidelrourell.es\\\/wp-content\\\/uploads\\\/2022\\\/12\\\/LIFE-PM-Color-634-scaled.jpg\",\"width\":2560,\"height\":1707},{\"@type\":\"BreadcrumbList\",\"@id\":\"https:\\\/\\\/fortidelrourell.es\\\/ca\\\/per-que-casar-se-en-un-castell\\\/#breadcrumb\",\"itemListElement\":[{\"@type\":\"ListItem\",\"position\":1,\"name\":\"Portada\",\"item\":\"https:\\\/\\\/fortidelrourell.es\\\/ca\\\/\"},{\"@type\":\"ListItem\",\"position\":2,\"name\":\"Per qu\u00e8 casar-se en un castell?\"}]},{\"@type\":\"WebSite\",\"@id\":\"https:\\\/\\\/fortidelrourell.es\\\/ca\\\/#website\",\"url\":\"https:\\\/\\\/fortidelrourell.es\\\/ca\\\/\",\"name\":\"Forti del Rourell\",\"description\":\"Una experiencia \u00fanica en un entorno privilegiado.\",\"potentialAction\":[{\"@type\":\"SearchAction\",\"target\":{\"@type\":\"EntryPoint\",\"urlTemplate\":\"https:\\\/\\\/fortidelrourell.es\\\/ca\\\/?s={search_term_string}\"},\"query-input\":{\"@type\":\"PropertyValueSpecification\",\"valueRequired\":true,\"valueName\":\"search_term_string\"}}],\"inLanguage\":\"ca\"},{\"@type\":\"Person\",\"@id\":\"https:\\\/\\\/fortidelrourell.es\\\/ca\\\/#\\\/schema\\\/person\\\/19929346e621c61aa7fac8be21e07cff\",\"name\":\"Mar\u00eda Cebri\u00e1n\",\"image\":{\"@type\":\"ImageObject\",\"inLanguage\":\"ca\",\"@id\":\"https:\\\/\\\/secure.gravatar.com\\\/avatar\\\/bac6cb8f7fbee021d1b6b9553c00a01d32e3bbef10cad770e83b584c805609c0?s=96&d=mm&r=g\",\"url\":\"https:\\\/\\\/secure.gravatar.com\\\/avatar\\\/bac6cb8f7fbee021d1b6b9553c00a01d32e3bbef10cad770e83b584c805609c0?s=96&d=mm&r=g\",\"contentUrl\":\"https:\\\/\\\/secure.gravatar.com\\\/avatar\\\/bac6cb8f7fbee021d1b6b9553c00a01d32e3bbef10cad770e83b584c805609c0?s=96&d=mm&r=g\",\"caption\":\"Mar\u00eda Cebri\u00e1n\"}}]}<\/script>\n<!-- \/ Yoast SEO plugin. -->","yoast_head_json":{"title":"Per qu\u00e8 casar-se en un castell? - Forti del Rourell","description":"Per qu\u00e8 casar-se en un castell?\ud83d\udc70\ud83c\udffb En el Fort\u00ed del Rourell us expliquem els motius per a triar una ubicaci\u00f3 ideal \ud83c\udff0","robots":{"index":"index","follow":"follow","max-snippet":"max-snippet:-1","max-image-preview":"max-image-preview:large","max-video-preview":"max-video-preview:-1"},"canonical":"https:\/\/fortidelrourell.es\/ca\/per-que-casar-se-en-un-castell\/","og_locale":"ca_ES","og_type":"article","og_title":"Per qu\u00e8 casar-se en un castell? - Forti del Rourell","og_description":"Per qu\u00e8 casar-se en un castell?\ud83d\udc70\ud83c\udffb En el Fort\u00ed del Rourell us expliquem els motius per a triar una ubicaci\u00f3 ideal \ud83c\udff0","og_url":"https:\/\/fortidelrourell.es\/ca\/per-que-casar-se-en-un-castell\/","og_site_name":"Forti del Rourell","article_published_time":"2023-06-02T12:27:03+00:00","article_modified_time":"2023-11-14T10:59:22+00:00","og_image":[{"width":2560,"height":1707,"url":"https:\/\/fortidelrourell.es\/wp-content\/uploads\/2022\/12\/LIFE-PM-Color-634-scaled.jpg","type":"image\/jpeg"}],"author":"Mar\u00eda Cebri\u00e1n","twitter_card":"summary_large_image","twitter_misc":{"Escrit per":"Mar\u00eda Cebri\u00e1n","Temps estimat de lectura":"3 minuts"},"schema":{"@context":"https:\/\/schema.org","@graph":[{"@type":"Article","@id":"https:\/\/fortidelrourell.es\/ca\/per-que-casar-se-en-un-castell\/#article","isPartOf":{"@id":"https:\/\/fortidelrourell.es\/ca\/per-que-casar-se-en-un-castell\/"},"author":{"name":"Mar\u00eda Cebri\u00e1n","@id":"https:\/\/fortidelrourell.es\/ca\/#\/schema\/person\/19929346e621c61aa7fac8be21e07cff"},"headline":"Per qu\u00e8 casar-se en un castell?","datePublished":"2023-06-02T12:27:03+00:00","dateModified":"2023-11-14T10:59:22+00:00","mainEntityOfPage":{"@id":"https:\/\/fortidelrourell.es\/ca\/per-que-casar-se-en-un-castell\/"},"wordCount":705,"image":{"@id":"https:\/\/fortidelrourell.es\/ca\/per-que-casar-se-en-un-castell\/#primaryimage"},"thumbnailUrl":"https:\/\/fortidelrourell.es\/wp-content\/uploads\/2022\/12\/LIFE-PM-Color-634-scaled.jpg","articleSection":{"1":"Sin categorizar"},"inLanguage":"ca"},{"@type":"WebPage","@id":"https:\/\/fortidelrourell.es\/ca\/per-que-casar-se-en-un-castell\/","url":"https:\/\/fortidelrourell.es\/ca\/per-que-casar-se-en-un-castell\/","name":"Per qu\u00e8 casar-se en un castell? - Forti del Rourell","isPartOf":{"@id":"https:\/\/fortidelrourell.es\/ca\/#website"},"primaryImageOfPage":{"@id":"https:\/\/fortidelrourell.es\/ca\/per-que-casar-se-en-un-castell\/#primaryimage"},"image":{"@id":"https:\/\/fortidelrourell.es\/ca\/per-que-casar-se-en-un-castell\/#primaryimage"},"thumbnailUrl":"https:\/\/fortidelrourell.es\/wp-content\/uploads\/2022\/12\/LIFE-PM-Color-634-scaled.jpg","datePublished":"2023-06-02T12:27:03+00:00","dateModified":"2023-11-14T10:59:22+00:00","author":{"@id":"https:\/\/fortidelrourell.es\/ca\/#\/schema\/person\/19929346e621c61aa7fac8be21e07cff"},"description":"Per qu\u00e8 casar-se en un castell?\ud83d\udc70\ud83c\udffb En el Fort\u00ed del Rourell us expliquem els motius per a triar una ubicaci\u00f3 ideal \ud83c\udff0","breadcrumb":{"@id":"https:\/\/fortidelrourell.es\/ca\/per-que-casar-se-en-un-castell\/#breadcrumb"},"inLanguage":"ca","potentialAction":[{"@type":"ReadAction","target":["https:\/\/fortidelrourell.es\/ca\/per-que-casar-se-en-un-castell\/"]}]},{"@type":"ImageObject","inLanguage":"ca","@id":"https:\/\/fortidelrourell.es\/ca\/per-que-casar-se-en-un-castell\/#primaryimage","url":"https:\/\/fortidelrourell.es\/wp-content\/uploads\/2022\/12\/LIFE-PM-Color-634-scaled.jpg","contentUrl":"https:\/\/fortidelrourell.es\/wp-content\/uploads\/2022\/12\/LIFE-PM-Color-634-scaled.jpg","width":2560,"height":1707},{"@type":"BreadcrumbList","@id":"https:\/\/fortidelrourell.es\/ca\/per-que-casar-se-en-un-castell\/#breadcrumb","itemListElement":[{"@type":"ListItem","position":1,"name":"Portada","item":"https:\/\/fortidelrourell.es\/ca\/"},{"@type":"ListItem","position":2,"name":"Per qu\u00e8 casar-se en un castell?"}]},{"@type":"WebSite","@id":"https:\/\/fortidelrourell.es\/ca\/#website","url":"https:\/\/fortidelrourell.es\/ca\/","name":"Forti del Rourell","description":"Una experiencia \u00fanica en un entorno privilegiado.","potentialAction":[{"@type":"SearchAction","target":{"@type":"EntryPoint","urlTemplate":"https:\/\/fortidelrourell.es\/ca\/?s={search_term_string}"},"query-input":{"@type":"PropertyValueSpecification","valueRequired":true,"valueName":"search_term_string"}}],"inLanguage":"ca"},{"@type":"Person","@id":"https:\/\/fortidelrourell.es\/ca\/#\/schema\/person\/19929346e621c61aa7fac8be21e07cff","name":"Mar\u00eda Cebri\u00e1n","image":{"@type":"ImageObject","inLanguage":"ca","@id":"https:\/\/secure.gravatar.com\/avatar\/bac6cb8f7fbee021d1b6b9553c00a01d32e3bbef10cad770e83b584c805609c0?s=96&d=mm&r=g","url":"https:\/\/secure.gravatar.com\/avatar\/bac6cb8f7fbee021d1b6b9553c00a01d32e3bbef10cad770e83b584c805609c0?s=96&d=mm&r=g","contentUrl":"https:\/\/secure.gravatar.com\/avatar\/bac6cb8f7fbee021d1b6b9553c00a01d32e3bbef10cad770e83b584c805609c0?s=96&d=mm&r=g","caption":"Mar\u00eda Cebri\u00e1n"}}]}},"_links":{"self":[{"href":"https:\/\/fortidelrourell.es\/ca\/wp-json\/wp\/v2\/posts\/13893","targetHints":{"allow":["GET"]}}],"collection":[{"href":"https:\/\/fortidelrourell.es\/ca\/wp-json\/wp\/v2\/posts"}],"about":[{"href":"https:\/\/fortidelrourell.es\/ca\/wp-json\/wp\/v2\/types\/post"}],"author":[{"embeddable":true,"href":"https:\/\/fortidelrourell.es\/ca\/wp-json\/wp\/v2\/users\/119"}],"replies":[{"embeddable":true,"href":"https:\/\/fortidelrourell.es\/ca\/wp-json\/wp\/v2\/comments?post=13893"}],"version-history":[{"count":0,"href":"https:\/\/fortidelrourell.es\/ca\/wp-json\/wp\/v2\/posts\/13893\/revisions"}],"wp:featuredmedia":[{"embeddable":true,"href":"https:\/\/fortidelrourell.es\/ca\/wp-json\/wp\/v2\/media\/13610"}],"wp:attachment":[{"href":"https:\/\/fortidelrourell.es\/ca\/wp-json\/wp\/v2\/media?parent=13893"}],"wp:term":[{"taxonomy":"category","embeddable":true,"href":"https:\/\/fortidelrourell.es\/ca\/wp-json\/wp\/v2\/categories?post=13893"},{"taxonomy":"post_tag","embeddable":true,"href":"https:\/\/fortidelrourell.es\/ca\/wp-json\/wp\/v2\/tags?post=13893"}],"curies":[{"name":"wp","href":"https:\/\/api.w.org\/{rel}","templated":true}]}}