{"id":13798,"date":"2023-05-30T09:56:33","date_gmt":"2023-05-30T09:56:33","guid":{"rendered":"https:\/\/fortidelrourell.es\/?p=13798"},"modified":"2023-06-07T13:20:59","modified_gmt":"2023-06-07T13:20:59","slug":"noces-de-somni-al-forti-del-rourell-by-lady-panda","status":"publish","type":"post","link":"https:\/\/fortidelrourell.es\/ca\/noces-de-somni-al-forti-del-rourell-by-lady-panda\/","title":{"rendered":"Noces de somni al Fort\u00ed del Rourell\u00a0by\u00a0Lady Panda"},"content":{"rendered":"<p>[et_pb_section fb_built=&#8221;1&#8243; _builder_version=&#8221;4.21.0&#8243; _module_preset=&#8221;default&#8221; global_colors_info=&#8221;{}&#8221;][et_pb_row _builder_version=&#8221;4.21.0&#8243; _module_preset=&#8221;default&#8221; global_colors_info=&#8221;{}&#8221;][et_pb_column type=&#8221;4_4&#8243; _builder_version=&#8221;4.21.0&#8243; _module_preset=&#8221;default&#8221; global_colors_info=&#8221;{}&#8221;][et_pb_accordion _builder_version=&#8221;4.21.0&#8243; _module_preset=&#8221;default&#8221; global_colors_info=&#8221;{}&#8221;][et_pb_accordion_item open=&#8221;on&#8221; _builder_version=&#8221;4.21.0&#8243; _module_preset=&#8221;default&#8221; global_colors_info=&#8221;{}&#8221;]<\/p>\n<blockquote>\n<h2><strong>Acompanya&#8217;m en aquest somni perqu\u00e8 es faci realitat<\/strong><\/h2>\n<\/blockquote>\n<p><span>Quan era petita brandava la meva espasa pirata amb un vestit de princesa, amb corona inclosa, perqu\u00e8 lliurava les meves batalles contra els enemics m\u00e9s temibles en el m\u00f3n de &#8220;<\/span><span class=\"hiddenSpellError\">Wonderland<\/span><span>&#8220;.<\/span><\/p>\n<p><span>Vaig viure aventures incre\u00efbles, buscant tresors enterrats al jard\u00ed dels meus avis. Vaig descobrir castells encantats viatjant amb els meus pares, i en les nits d&#8217;acampada, a la llum de la foguera, mentre el meu pare contava hist\u00f2ries de fantasmes, jo m&#8217;imaginava una festa de m\u00e0scares en un enorme sal\u00f3 de ball, i a una dama baixant <\/span><span>les enormes escales<\/span><span> de pedra, coberts amb una catifa vermella i el seu preci\u00f3s vestit, on enlluernaria als convidats.<\/span><\/p>\n<p><span>Fa unes setmanes, vaig tenir l&#8217;oportunitat de tornar al passat a trav\u00e9s del present, en una visita inesperada com tot el que t\u00e9 de bo la vida, el dest\u00ed era el <a href=\"https:\/\/fortidelrourell.es\/ca\/\"><strong>Fort\u00ed del Rourell<\/strong><\/a>, un fort\u00ed medieval del segle XII en el qual <strong>celebrar noces de somni.<\/strong><\/span><\/p>\n<p>[\/et_pb_accordion_item][\/et_pb_accordion][et_pb_image src=&#8221;https:\/\/fortidelrourell.es\/wp-content\/uploads\/2022\/06\/23795301_1735853760057079_9186750285034308489_n.jpg&#8221; alt=&#8221;noces de somni&#8221; title_text=&#8221;noces de somni&#8221; _builder_version=&#8221;4.21.0&#8243; _module_preset=&#8221;default&#8221; global_colors_info=&#8221;{}&#8221;][\/et_pb_image][et_pb_accordion _builder_version=&#8221;4.21.0&#8243; _module_preset=&#8221;default&#8221; global_colors_info=&#8221;{}&#8221;][et_pb_accordion_item open=&#8221;on&#8221; _builder_version=&#8221;4.21.0&#8243; _module_preset=&#8221;default&#8221; global_colors_info=&#8221;{}&#8221;]<\/p>\n<p><span>Una fortalesa habitada per templers no fa tant, on, si tanquem els ulls i obrim l&#8217;\u00e0nima, podem sentir els passos de ball que no fa tant es van viure en el sal\u00f3. Perqu\u00e8 no sofriu amics meus, perqu\u00e8 per a vosaltres tamb\u00e9 hi ha lloc, un <strong>espai reservat per als convidats<\/strong>, on podreu veure, tocar i sentir les <strong>estades m\u00e9s antigues del lloc<\/strong>. Com si es tract\u00e9s d&#8217;un viatge en el temps, en pujar l&#8217;escalinata anir\u00e0s cap endarrere, i aqu\u00ed trobar\u00e0s l&#8217;alcova nupcial, la biblioteca o la sala d&#8217;estar. No hi ha res millor per a unes noces reals, que un convidat gaudeixi de veritat.<\/span><\/p>\n<p><span>Continua llegint, perqu\u00e8 aquest conte acaba de comen\u00e7ar, i amb la <a href=\"https:\/\/fortidelrourell.es\/ca\/bodes-castell-forti-rourell\/\">Fada del Fort\u00ed<\/a> far\u00e0s el teu somnies faci realitat. No importa que noces vulguis, perqu\u00e8 si la m\u00e0gia es fa realitat aquest incre\u00efble espai a <strong>Boh\u00e8mia, <span class=\"hiddenSpellError\">chic<\/span>, rom\u00e0ntica, g\u00f2tica o barroc<\/strong> el teu convertir\u00e0s. Somia, somia en gran, perqu\u00e8 en el <a href=\"https:\/\/fortidelrourell.es\/ca\/\"><strong>Fort\u00ed del Rourell<\/strong><\/a> \u00e9s el lloc en el qual les noces de somni es fan realitat.<\/span><\/p>\n<p><span>Com en tot conte el banquet ser\u00e0 espectacular, perqu\u00e8 no hi ha res com degustar un bon menjar.<\/span><\/p>\n<blockquote>\n<p><em>&#8220;\u00c9s l&#8217;hora del Vermut, i sota el sol es far\u00e0, per\u00f2 no us preocupeu que de la calor tamb\u00e9 s&#8217;encarreguessin&#8221;.<\/em><\/p>\n<p><em>&#8220;Amb l&#8217;aperitiu haur\u00edem de comen\u00e7ar, per\u00f2 en l&#8217;entrada no s&#8217;han de quedar, passin i vegin, que del sal\u00f3 gaudissin&#8221;.<\/em><\/p>\n<\/blockquote>\n<p><span>Per\u00f2 aix\u00f2 nom\u00e9s \u00e9s una mostra del molt que pots esperar, perqu\u00e8 si alguna cosa \u00e9s clar <\/span><span class=\"hiddenGreenError\">\u00e9s<\/span><span> que en el<a href=\"https:\/\/fortidelrourell.es\/ca\/\"> Fort\u00ed del Rourell<\/a> fam no passar\u00e0s. Treu-te el cintur\u00f3, menja i beu fins no poder m\u00e9s, per\u00f2 guarda un espai per a les postres, perqu\u00e8 el millor est\u00e0 per arribar en un lloc de somni.<\/span><\/p>\n<blockquote>\n<p><em>&#8220;Una taula dol\u00e7a, com no podr\u00e0s imaginar, amb una varietat tan gran que tot voldr\u00e0s tastar&#8221;.<\/em><\/p>\n<\/blockquote>\n<p>[\/et_pb_accordion_item][\/et_pb_accordion][et_pb_image src=&#8221;https:\/\/fortidelrourell.es\/wp-content\/uploads\/2022\/06\/Rourell_Sonia-1006.jpeg&#8221; alt=&#8221;noces de somni&#8221; title_text=&#8221;noces de somni&#8221; _builder_version=&#8221;4.21.0&#8243; _module_preset=&#8221;default&#8221; global_colors_info=&#8221;{}&#8221;][\/et_pb_image][et_pb_accordion _builder_version=&#8221;4.21.0&#8243; _module_preset=&#8221;default&#8221; global_colors_info=&#8221;{}&#8221;][et_pb_accordion_item open=&#8221;on&#8221; _builder_version=&#8221;4.21.0&#8243; _module_preset=&#8221;default&#8221; global_colors_info=&#8221;{}&#8221;]<\/p>\n<p><span>No te&#8217;n vagis encara perqu\u00e8 la festa ha de continuar, i en el sal\u00f3 de ball els nuvis us esperessin. Una festa sense igual, en un espai singular, on podr\u00e0s celebrar el dia m\u00e9s especial. Per\u00f2 no sols noces seran, perqu\u00e8 per a un <strong>aniversari i <a href=\"https:\/\/fortidelrourell.es\/ca\/esdeveniments\/\">altres esdeveniments<\/a><\/strong> no veig millor lloc.<\/span><\/p>\n<p><span>Gr\u00e0cies per acompanyar-me en aquest viatge virtual, en un dia tan especial per a unes noces de somni. I per als m\u00e9s curiosos, que sempre cal preguntar, us deixo el <strong><a href=\"https:\/\/fortidelrourell.es\/wp-content\/uploads\/2022\/05\/Men\u00fas-celebraciones-Fort%C3%AD.pdf\">men\u00fa<\/a> del principi fins al final.<\/strong> I una anotaci\u00f3 m\u00e9s, perqu\u00e8 tot el producte que hi ha en el lloc \u00e9s de km 0, la qual cosa fomenta el comer\u00e7 local, i ens garanteix qualitat.<\/span><\/p>\n<p>[\/et_pb_accordion_item][\/et_pb_accordion][et_pb_image src=&#8221;https:\/\/fortidelrourell.es\/wp-content\/uploads\/2022\/06\/rourell_comida-1010.jpg&#8221; alt=&#8221;noces de somni&#8221; title_text=&#8221;noces de somni&#8221; _builder_version=&#8221;4.21.0&#8243; _module_preset=&#8221;default&#8221; module_alignment=&#8221;center&#8221; hover_enabled=&#8221;0&#8243; global_colors_info=&#8221;{}&#8221; sticky_enabled=&#8221;0&#8243;][\/et_pb_image][et_pb_accordion _builder_version=&#8221;4.21.0&#8243; _module_preset=&#8221;default&#8221; global_colors_info=&#8221;{}&#8221;][et_pb_accordion_item open=&#8221;on&#8221; _builder_version=&#8221;4.21.0&#8243; _module_preset=&#8221;default&#8221; global_colors_info=&#8221;{}&#8221;]<\/p>\n<p><strong>APERITIUS:<\/strong><\/p>\n<p><span>-Bomb\u00f3 de pernil ib\u00e8ric, formatge fresc i avellanes a l&#8217;aroma de<\/span><br \/><span>Cointreau<\/span><br \/><span>-Gaspatxo de fruits vermells, caramel bals\u00e0mic de M\u00f2dena i ceba<\/span><br \/><span>cruixent<\/span><br \/><span>-Roll de salm\u00f3, alvocat i <\/span><span class=\"hiddenSpellError\">Philadelphia<\/span><br \/><span>-Roll de llagost\u00ed, alvocat i <\/span><span class=\"hiddenSpellError\">Philadelphia<\/span><br \/><span>-Roll de cogombre, alvocat i <\/span><span class=\"hiddenSpellError\">Philadelphia<\/span><br \/><span>-Milfulls de <\/span><span class=\"hiddenSpellError\">micuit<\/span><span> d&#8217;\u00e0nec i tall cruixent a l&#8217;aroma de caf\u00e8<\/span><br \/><span>&#8211;<\/span><span class=\"hiddenGrammarError\">Montadito<\/span><span> de pa de cristall, pebrot rostit, escarola <\/span><span class=\"hiddenSpellError\">fris\u00e9<\/span><span> i<\/span><br \/><span>sardina fumada<\/span><br \/><span>-Croquetes de cabra<\/span><br \/><span>-Arr\u00f2s crem\u00f3s de bolets de temporada <\/span><span class=\"hiddenGrammarError\">amb lasques<\/span><span> de parmes\u00e0<\/span><br \/><span>&#8211;<\/span><span class=\"hiddenGrammarError\">Montadito<\/span><span> de <\/span><span class=\"hiddenGreenError\">foie<\/span><span> a la brasa amb melmelada de cal\u00e7ots i avellanes<\/span><\/p>\n<p><span><\/span><\/p>\n<p><strong>ASSORTIMENT DE FORMATGES:<\/strong><\/p>\n<p>-Va matar artes\u00e0 de cabra amb dol\u00e7 de figues<br \/>-Formatge brie<br \/>-Formatge curat pur de cabra<br \/>-Formatge pur d&#8217;ovella llet crua<br \/>-Formatge Gorgonzola<br \/>-Melmelades de tom\u00e0quet, pebrots rostits, ceba i figues<br \/>-Pans de cristall i de panses de Corint<\/p>\n<p>[\/et_pb_accordion_item][\/et_pb_accordion][et_pb_image src=&#8221;https:\/\/fortidelrourell.es\/wp-content\/uploads\/2022\/06\/rourell_comida-1004.jpg&#8221; alt=&#8221;noces de somni&#8221; title_text=&#8221;noces de somni&#8221; _builder_version=&#8221;4.21.0&#8243; _module_preset=&#8221;default&#8221; module_alignment=&#8221;center&#8221; global_colors_info=&#8221;{}&#8221;][\/et_pb_image][et_pb_accordion _builder_version=&#8221;4.21.0&#8243; _module_preset=&#8221;default&#8221; global_colors_info=&#8221;{}&#8221;][et_pb_accordion_item open=&#8221;on&#8221; _builder_version=&#8221;4.21.0&#8243; _module_preset=&#8221;default&#8221; global_colors_info=&#8221;{}&#8221;]<\/p>\n<p><strong>VINS I CAVA:<\/strong><\/p>\n<p><span>-Vi negre Nit de Lluna (Cellers Mas <\/span><span class=\"hiddenSpellError\">Vicens<\/span><span>, D.O<\/span><span class=\"hiddenGrammarError\">.Tarragona<\/span><span>)<\/span><br \/><span>-Vi blanc El Terrat (Cellers Mas <\/span><span class=\"hiddenSpellError\">Vicens<\/span><span>, D.O<\/span><span class=\"hiddenGrammarError\">.Tarragona<\/span><span>)<\/span><br \/><span>-Cava Brut <\/span><span class=\"hiddenSpellError\">Nature<\/span><span> Vallformosa<\/span><\/p>\n<p><strong>POSTRES:<\/strong><\/p>\n<p><span>-Assortit de mini rebosteria artesana (cassoletes, t\u00f2fones, <\/span><span>cat\u00e0nies<\/span><span>,<\/span><br \/><span>roques, galetes)<\/span><br \/><span>-Caf\u00e8s i infusions<\/span><\/p>\n<p><span>Cr\u00e8dits: Fotografia: <a href=\"https:\/\/www.instagram.com\/78naturalphoto\/\">78 Natural <\/a><\/span><a href=\"https:\/\/www.instagram.com\/78naturalphoto\/\"><span class=\"hiddenSpellError\">Photo<\/span><\/a><\/p>\n<p><span class=\"hiddenSpellError\"><\/span><\/p>\n<p><span class=\"hiddenSpellError\"><span>Si voleu saber m\u00e9s sobre les noces de somni en el Fort\u00ed, pots contactar amb nosaltres en el <strong>623 196 600<\/strong> o enviar-nos un correu a <strong>eventos@fortidelrourell.es<\/strong>. I no oblideu seguir-nos en el nostre <\/span>instagram<span><a href=\"https:\/\/www.instagram.com\/fortirourell\/\"><strong> @fortirourell<\/strong><\/a> per a assabentar-vos de tots els detalls!<\/span><\/span><\/p>\n<p>[\/et_pb_accordion_item][\/et_pb_accordion][\/et_pb_column][\/et_pb_row][\/et_pb_section]<\/p>\n","protected":false},"excerpt":{"rendered":"<p>Acompanya&#8217;m en aquest somni perqu\u00e8 es faci realitat Quan era petita brandava la meva espasa pirata amb un vestit de princesa, amb corona inclosa, perqu\u00e8 lliurava les meves batalles contra els enemics m\u00e9s temibles en el m\u00f3n de &#8220;Wonderland&#8221;. Vaig viure aventures incre\u00efbles, buscant tresors enterrats al jard\u00ed dels meus avis. Vaig descobrir castells encantats [&hellip;]<\/p>\n","protected":false},"author":119,"featured_media":13232,"comment_status":"closed","ping_status":"open","sticky":false,"template":"","format":"standard","meta":{"_et_pb_use_builder":"on","_et_pb_old_content":"","_et_gb_content_width":"","footnotes":""},"categories":[124],"tags":[],"class_list":["post-13798","post","type-post","status-publish","format-standard","has-post-thumbnail","hentry","category-sense-categoria"],"yoast_head":"<!-- This site is optimized with the Yoast SEO plugin v27.5 - https:\/\/yoast.com\/product\/yoast-seo-wordpress\/ -->\n<title>Noces de somni al Fort\u00ed del Rourell\u00a0by\u00a0Lady PandaNoces de somni al Fort\u00ed del Rourell\u00a0by\u00a0Lady Panda - Forti del Rourell<\/title>\n<meta name=\"description\" content=\"Lady Panda ens parla sobre com crear noces de somni \ud83d\udc8d, aquesta vegada, al Fort\u00ed del Rourell\ud83c\udff0 Apunta els consells \ud83d\udcdd Som-hi!\" \/>\n<meta name=\"robots\" content=\"index, follow, max-snippet:-1, max-image-preview:large, max-video-preview:-1\" \/>\n<link rel=\"canonical\" href=\"https:\/\/fortidelrourell.es\/ca\/noces-de-somni-al-forti-del-rourell-by-lady-panda\/\" \/>\n<meta property=\"og:locale\" content=\"ca_ES\" \/>\n<meta property=\"og:type\" content=\"article\" \/>\n<meta property=\"og:title\" content=\"Noces de somni al Fort\u00ed del Rourell\u00a0by\u00a0Lady PandaNoces de somni al Fort\u00ed del Rourell\u00a0by\u00a0Lady Panda - Forti del Rourell\" \/>\n<meta property=\"og:description\" content=\"Lady Panda ens parla sobre com crear noces de somni \ud83d\udc8d, aquesta vegada, al Fort\u00ed del Rourell\ud83c\udff0 Apunta els consells \ud83d\udcdd Som-hi!\" \/>\n<meta property=\"og:url\" content=\"https:\/\/fortidelrourell.es\/ca\/noces-de-somni-al-forti-del-rourell-by-lady-panda\/\" \/>\n<meta property=\"og:site_name\" content=\"Forti del Rourell\" \/>\n<meta property=\"article:published_time\" content=\"2023-05-30T09:56:33+00:00\" \/>\n<meta property=\"article:modified_time\" content=\"2023-06-07T13:20:59+00:00\" \/>\n<meta property=\"og:image\" content=\"https:\/\/fortidelrourell.es\/wp-content\/uploads\/2017\/11\/rourell_catering-1012.jpg\" \/>\n\t<meta property=\"og:image:width\" content=\"567\" \/>\n\t<meta property=\"og:image:height\" content=\"378\" \/>\n\t<meta property=\"og:image:type\" content=\"image\/jpeg\" \/>\n<meta name=\"author\" content=\"Mar\u00eda Cebri\u00e1n\" \/>\n<meta name=\"twitter:card\" content=\"summary_large_image\" \/>\n<meta name=\"twitter:label1\" content=\"Escrit per\" \/>\n\t<meta name=\"twitter:data1\" content=\"Mar\u00eda Cebri\u00e1n\" \/>\n\t<meta name=\"twitter:label2\" content=\"Temps estimat de lectura\" \/>\n\t<meta name=\"twitter:data2\" content=\"6 minuts\" \/>\n<script type=\"application\/ld+json\" class=\"yoast-schema-graph\">{\"@context\":\"https:\\\/\\\/schema.org\",\"@graph\":[{\"@type\":\"Article\",\"@id\":\"https:\\\/\\\/fortidelrourell.es\\\/ca\\\/noces-de-somni-al-forti-del-rourell-by-lady-panda\\\/#article\",\"isPartOf\":{\"@id\":\"https:\\\/\\\/fortidelrourell.es\\\/ca\\\/noces-de-somni-al-forti-del-rourell-by-lady-panda\\\/\"},\"author\":{\"name\":\"Mar\u00eda Cebri\u00e1n\",\"@id\":\"https:\\\/\\\/fortidelrourell.es\\\/ca\\\/#\\\/schema\\\/person\\\/19929346e621c61aa7fac8be21e07cff\"},\"headline\":\"Noces de somni al Fort\u00ed del Rourell\u00a0by\u00a0Lady Panda\",\"datePublished\":\"2023-05-30T09:56:33+00:00\",\"dateModified\":\"2023-06-07T13:20:59+00:00\",\"mainEntityOfPage\":{\"@id\":\"https:\\\/\\\/fortidelrourell.es\\\/ca\\\/noces-de-somni-al-forti-del-rourell-by-lady-panda\\\/\"},\"wordCount\":1211,\"image\":{\"@id\":\"https:\\\/\\\/fortidelrourell.es\\\/ca\\\/noces-de-somni-al-forti-del-rourell-by-lady-panda\\\/#primaryimage\"},\"thumbnailUrl\":\"https:\\\/\\\/fortidelrourell.es\\\/wp-content\\\/uploads\\\/2017\\\/11\\\/rourell_catering-1012.jpg\",\"inLanguage\":\"ca\"},{\"@type\":\"WebPage\",\"@id\":\"https:\\\/\\\/fortidelrourell.es\\\/ca\\\/noces-de-somni-al-forti-del-rourell-by-lady-panda\\\/\",\"url\":\"https:\\\/\\\/fortidelrourell.es\\\/ca\\\/noces-de-somni-al-forti-del-rourell-by-lady-panda\\\/\",\"name\":\"Noces de somni al Fort\u00ed del Rourell\u00a0by\u00a0Lady PandaNoces de somni al Fort\u00ed del Rourell\u00a0by\u00a0Lady Panda - Forti del Rourell\",\"isPartOf\":{\"@id\":\"https:\\\/\\\/fortidelrourell.es\\\/ca\\\/#website\"},\"primaryImageOfPage\":{\"@id\":\"https:\\\/\\\/fortidelrourell.es\\\/ca\\\/noces-de-somni-al-forti-del-rourell-by-lady-panda\\\/#primaryimage\"},\"image\":{\"@id\":\"https:\\\/\\\/fortidelrourell.es\\\/ca\\\/noces-de-somni-al-forti-del-rourell-by-lady-panda\\\/#primaryimage\"},\"thumbnailUrl\":\"https:\\\/\\\/fortidelrourell.es\\\/wp-content\\\/uploads\\\/2017\\\/11\\\/rourell_catering-1012.jpg\",\"datePublished\":\"2023-05-30T09:56:33+00:00\",\"dateModified\":\"2023-06-07T13:20:59+00:00\",\"author\":{\"@id\":\"https:\\\/\\\/fortidelrourell.es\\\/ca\\\/#\\\/schema\\\/person\\\/19929346e621c61aa7fac8be21e07cff\"},\"description\":\"Lady Panda ens parla sobre com crear noces de somni \ud83d\udc8d, aquesta vegada, al Fort\u00ed del Rourell\ud83c\udff0 Apunta els consells \ud83d\udcdd Som-hi!\",\"breadcrumb\":{\"@id\":\"https:\\\/\\\/fortidelrourell.es\\\/ca\\\/noces-de-somni-al-forti-del-rourell-by-lady-panda\\\/#breadcrumb\"},\"inLanguage\":\"ca\",\"potentialAction\":[{\"@type\":\"ReadAction\",\"target\":[\"https:\\\/\\\/fortidelrourell.es\\\/ca\\\/noces-de-somni-al-forti-del-rourell-by-lady-panda\\\/\"]}]},{\"@type\":\"ImageObject\",\"inLanguage\":\"ca\",\"@id\":\"https:\\\/\\\/fortidelrourell.es\\\/ca\\\/noces-de-somni-al-forti-del-rourell-by-lady-panda\\\/#primaryimage\",\"url\":\"https:\\\/\\\/fortidelrourell.es\\\/wp-content\\\/uploads\\\/2017\\\/11\\\/rourell_catering-1012.jpg\",\"contentUrl\":\"https:\\\/\\\/fortidelrourell.es\\\/wp-content\\\/uploads\\\/2017\\\/11\\\/rourell_catering-1012.jpg\",\"width\":567,\"height\":378,\"caption\":\"Lady Panda &amp; Fort\u00ed del Rourell\"},{\"@type\":\"BreadcrumbList\",\"@id\":\"https:\\\/\\\/fortidelrourell.es\\\/ca\\\/noces-de-somni-al-forti-del-rourell-by-lady-panda\\\/#breadcrumb\",\"itemListElement\":[{\"@type\":\"ListItem\",\"position\":1,\"name\":\"Portada\",\"item\":\"https:\\\/\\\/fortidelrourell.es\\\/ca\\\/\"},{\"@type\":\"ListItem\",\"position\":2,\"name\":\"Noces de somni al Fort\u00ed del Rourell\u00a0by\u00a0Lady Panda\"}]},{\"@type\":\"WebSite\",\"@id\":\"https:\\\/\\\/fortidelrourell.es\\\/ca\\\/#website\",\"url\":\"https:\\\/\\\/fortidelrourell.es\\\/ca\\\/\",\"name\":\"Forti del Rourell\",\"description\":\"Una experiencia \u00fanica en un entorno privilegiado.\",\"potentialAction\":[{\"@type\":\"SearchAction\",\"target\":{\"@type\":\"EntryPoint\",\"urlTemplate\":\"https:\\\/\\\/fortidelrourell.es\\\/ca\\\/?s={search_term_string}\"},\"query-input\":{\"@type\":\"PropertyValueSpecification\",\"valueRequired\":true,\"valueName\":\"search_term_string\"}}],\"inLanguage\":\"ca\"},{\"@type\":\"Person\",\"@id\":\"https:\\\/\\\/fortidelrourell.es\\\/ca\\\/#\\\/schema\\\/person\\\/19929346e621c61aa7fac8be21e07cff\",\"name\":\"Mar\u00eda Cebri\u00e1n\",\"image\":{\"@type\":\"ImageObject\",\"inLanguage\":\"ca\",\"@id\":\"https:\\\/\\\/secure.gravatar.com\\\/avatar\\\/bac6cb8f7fbee021d1b6b9553c00a01d32e3bbef10cad770e83b584c805609c0?s=96&d=mm&r=g\",\"url\":\"https:\\\/\\\/secure.gravatar.com\\\/avatar\\\/bac6cb8f7fbee021d1b6b9553c00a01d32e3bbef10cad770e83b584c805609c0?s=96&d=mm&r=g\",\"contentUrl\":\"https:\\\/\\\/secure.gravatar.com\\\/avatar\\\/bac6cb8f7fbee021d1b6b9553c00a01d32e3bbef10cad770e83b584c805609c0?s=96&d=mm&r=g\",\"caption\":\"Mar\u00eda Cebri\u00e1n\"}}]}<\/script>\n<!-- \/ Yoast SEO plugin. -->","yoast_head_json":{"title":"Noces de somni al Fort\u00ed del Rourell\u00a0by\u00a0Lady PandaNoces de somni al Fort\u00ed del Rourell\u00a0by\u00a0Lady Panda - Forti del Rourell","description":"Lady Panda ens parla sobre com crear noces de somni \ud83d\udc8d, aquesta vegada, al Fort\u00ed del Rourell\ud83c\udff0 Apunta els consells \ud83d\udcdd Som-hi!","robots":{"index":"index","follow":"follow","max-snippet":"max-snippet:-1","max-image-preview":"max-image-preview:large","max-video-preview":"max-video-preview:-1"},"canonical":"https:\/\/fortidelrourell.es\/ca\/noces-de-somni-al-forti-del-rourell-by-lady-panda\/","og_locale":"ca_ES","og_type":"article","og_title":"Noces de somni al Fort\u00ed del Rourell\u00a0by\u00a0Lady PandaNoces de somni al Fort\u00ed del Rourell\u00a0by\u00a0Lady Panda - Forti del Rourell","og_description":"Lady Panda ens parla sobre com crear noces de somni \ud83d\udc8d, aquesta vegada, al Fort\u00ed del Rourell\ud83c\udff0 Apunta els consells \ud83d\udcdd Som-hi!","og_url":"https:\/\/fortidelrourell.es\/ca\/noces-de-somni-al-forti-del-rourell-by-lady-panda\/","og_site_name":"Forti del Rourell","article_published_time":"2023-05-30T09:56:33+00:00","article_modified_time":"2023-06-07T13:20:59+00:00","og_image":[{"width":567,"height":378,"url":"https:\/\/fortidelrourell.es\/wp-content\/uploads\/2017\/11\/rourell_catering-1012.jpg","type":"image\/jpeg"}],"author":"Mar\u00eda Cebri\u00e1n","twitter_card":"summary_large_image","twitter_misc":{"Escrit per":"Mar\u00eda Cebri\u00e1n","Temps estimat de lectura":"6 minuts"},"schema":{"@context":"https:\/\/schema.org","@graph":[{"@type":"Article","@id":"https:\/\/fortidelrourell.es\/ca\/noces-de-somni-al-forti-del-rourell-by-lady-panda\/#article","isPartOf":{"@id":"https:\/\/fortidelrourell.es\/ca\/noces-de-somni-al-forti-del-rourell-by-lady-panda\/"},"author":{"name":"Mar\u00eda Cebri\u00e1n","@id":"https:\/\/fortidelrourell.es\/ca\/#\/schema\/person\/19929346e621c61aa7fac8be21e07cff"},"headline":"Noces de somni al Fort\u00ed del Rourell\u00a0by\u00a0Lady Panda","datePublished":"2023-05-30T09:56:33+00:00","dateModified":"2023-06-07T13:20:59+00:00","mainEntityOfPage":{"@id":"https:\/\/fortidelrourell.es\/ca\/noces-de-somni-al-forti-del-rourell-by-lady-panda\/"},"wordCount":1211,"image":{"@id":"https:\/\/fortidelrourell.es\/ca\/noces-de-somni-al-forti-del-rourell-by-lady-panda\/#primaryimage"},"thumbnailUrl":"https:\/\/fortidelrourell.es\/wp-content\/uploads\/2017\/11\/rourell_catering-1012.jpg","inLanguage":"ca"},{"@type":"WebPage","@id":"https:\/\/fortidelrourell.es\/ca\/noces-de-somni-al-forti-del-rourell-by-lady-panda\/","url":"https:\/\/fortidelrourell.es\/ca\/noces-de-somni-al-forti-del-rourell-by-lady-panda\/","name":"Noces de somni al Fort\u00ed del Rourell\u00a0by\u00a0Lady PandaNoces de somni al Fort\u00ed del Rourell\u00a0by\u00a0Lady Panda - Forti del Rourell","isPartOf":{"@id":"https:\/\/fortidelrourell.es\/ca\/#website"},"primaryImageOfPage":{"@id":"https:\/\/fortidelrourell.es\/ca\/noces-de-somni-al-forti-del-rourell-by-lady-panda\/#primaryimage"},"image":{"@id":"https:\/\/fortidelrourell.es\/ca\/noces-de-somni-al-forti-del-rourell-by-lady-panda\/#primaryimage"},"thumbnailUrl":"https:\/\/fortidelrourell.es\/wp-content\/uploads\/2017\/11\/rourell_catering-1012.jpg","datePublished":"2023-05-30T09:56:33+00:00","dateModified":"2023-06-07T13:20:59+00:00","author":{"@id":"https:\/\/fortidelrourell.es\/ca\/#\/schema\/person\/19929346e621c61aa7fac8be21e07cff"},"description":"Lady Panda ens parla sobre com crear noces de somni \ud83d\udc8d, aquesta vegada, al Fort\u00ed del Rourell\ud83c\udff0 Apunta els consells \ud83d\udcdd Som-hi!","breadcrumb":{"@id":"https:\/\/fortidelrourell.es\/ca\/noces-de-somni-al-forti-del-rourell-by-lady-panda\/#breadcrumb"},"inLanguage":"ca","potentialAction":[{"@type":"ReadAction","target":["https:\/\/fortidelrourell.es\/ca\/noces-de-somni-al-forti-del-rourell-by-lady-panda\/"]}]},{"@type":"ImageObject","inLanguage":"ca","@id":"https:\/\/fortidelrourell.es\/ca\/noces-de-somni-al-forti-del-rourell-by-lady-panda\/#primaryimage","url":"https:\/\/fortidelrourell.es\/wp-content\/uploads\/2017\/11\/rourell_catering-1012.jpg","contentUrl":"https:\/\/fortidelrourell.es\/wp-content\/uploads\/2017\/11\/rourell_catering-1012.jpg","width":567,"height":378,"caption":"Lady Panda &amp; Fort\u00ed del Rourell"},{"@type":"BreadcrumbList","@id":"https:\/\/fortidelrourell.es\/ca\/noces-de-somni-al-forti-del-rourell-by-lady-panda\/#breadcrumb","itemListElement":[{"@type":"ListItem","position":1,"name":"Portada","item":"https:\/\/fortidelrourell.es\/ca\/"},{"@type":"ListItem","position":2,"name":"Noces de somni al Fort\u00ed del Rourell\u00a0by\u00a0Lady Panda"}]},{"@type":"WebSite","@id":"https:\/\/fortidelrourell.es\/ca\/#website","url":"https:\/\/fortidelrourell.es\/ca\/","name":"Forti del Rourell","description":"Una experiencia \u00fanica en un entorno privilegiado.","potentialAction":[{"@type":"SearchAction","target":{"@type":"EntryPoint","urlTemplate":"https:\/\/fortidelrourell.es\/ca\/?s={search_term_string}"},"query-input":{"@type":"PropertyValueSpecification","valueRequired":true,"valueName":"search_term_string"}}],"inLanguage":"ca"},{"@type":"Person","@id":"https:\/\/fortidelrourell.es\/ca\/#\/schema\/person\/19929346e621c61aa7fac8be21e07cff","name":"Mar\u00eda Cebri\u00e1n","image":{"@type":"ImageObject","inLanguage":"ca","@id":"https:\/\/secure.gravatar.com\/avatar\/bac6cb8f7fbee021d1b6b9553c00a01d32e3bbef10cad770e83b584c805609c0?s=96&d=mm&r=g","url":"https:\/\/secure.gravatar.com\/avatar\/bac6cb8f7fbee021d1b6b9553c00a01d32e3bbef10cad770e83b584c805609c0?s=96&d=mm&r=g","contentUrl":"https:\/\/secure.gravatar.com\/avatar\/bac6cb8f7fbee021d1b6b9553c00a01d32e3bbef10cad770e83b584c805609c0?s=96&d=mm&r=g","caption":"Mar\u00eda Cebri\u00e1n"}}]}},"_links":{"self":[{"href":"https:\/\/fortidelrourell.es\/ca\/wp-json\/wp\/v2\/posts\/13798","targetHints":{"allow":["GET"]}}],"collection":[{"href":"https:\/\/fortidelrourell.es\/ca\/wp-json\/wp\/v2\/posts"}],"about":[{"href":"https:\/\/fortidelrourell.es\/ca\/wp-json\/wp\/v2\/types\/post"}],"author":[{"embeddable":true,"href":"https:\/\/fortidelrourell.es\/ca\/wp-json\/wp\/v2\/users\/119"}],"replies":[{"embeddable":true,"href":"https:\/\/fortidelrourell.es\/ca\/wp-json\/wp\/v2\/comments?post=13798"}],"version-history":[{"count":0,"href":"https:\/\/fortidelrourell.es\/ca\/wp-json\/wp\/v2\/posts\/13798\/revisions"}],"wp:featuredmedia":[{"embeddable":true,"href":"https:\/\/fortidelrourell.es\/ca\/wp-json\/wp\/v2\/media\/13232"}],"wp:attachment":[{"href":"https:\/\/fortidelrourell.es\/ca\/wp-json\/wp\/v2\/media?parent=13798"}],"wp:term":[{"taxonomy":"category","embeddable":true,"href":"https:\/\/fortidelrourell.es\/ca\/wp-json\/wp\/v2\/categories?post=13798"},{"taxonomy":"post_tag","embeddable":true,"href":"https:\/\/fortidelrourell.es\/ca\/wp-json\/wp\/v2\/tags?post=13798"}],"curies":[{"name":"wp","href":"https:\/\/api.w.org\/{rel}","templated":true}]}}